{"id":50467,"date":"2024-10-24T07:55:25","date_gmt":"2024-10-24T10:55:25","guid":{"rendered":"https:\/\/www.anamt.org.br\/portal\/?p=50467"},"modified":"2024-10-24T07:57:24","modified_gmt":"2024-10-24T10:57:24","slug":"nota-de-falecimento-prof-marcelo-pustiglione","status":"publish","type":"post","link":"https:\/\/www.anamt.org.br\/portal\/2024\/10\/24\/nota-de-falecimento-prof-marcelo-pustiglione\/","title":{"rendered":"Nota de Falecimento &#8211; Prof. Marcelo Pustiglione"},"content":{"rendered":"<p><img decoding=\"async\" class=\"size-full wp-image-50469 alignleft\" src=\"https:\/\/www.anamt.org.br\/portal\/wp-content\/uploads\/2024\/10\/profmarcelo.jpeg\" alt=\"\" width=\"300\" height=\"220\" srcset=\"https:\/\/www.anamt.org.br\/portal\/wp-content\/uploads\/2024\/10\/profmarcelo-200x147.jpeg 200w, https:\/\/www.anamt.org.br\/portal\/wp-content\/uploads\/2024\/10\/profmarcelo.jpeg 300w\" sizes=\"(max-width: 300px) 100vw, 300px\" \/>Com imenso pesar, a ANAMT comunica o falecimento de Prof. Marcelo Pustiglione. M\u00e9dico da Divis\u00e3o T\u00e9cnica de Vigil\u00e2ncia Sanit\u00e1ria (CEREST Estadual) em S\u00e3o Paulo, Prof. Marcelo M\u00e9dico da Divis\u00e3o T\u00e9cnica de Vigil\u00e2ncia Sanit\u00e1ria (CEREST Estadual) tamb\u00e9m foi professor do Departamento de Medicina Legal, \u00c9tica M\u00e9dica, Medicina Social e do Trabalho da Faculdade de Medicina da USP, preceptor do Programa de Resid\u00eancia em Medicina do Trabalho e diretor de Servi\u00e7o de Sa\u00fade e Coordenador do SESMT do Hospital das Cl\u00ednicas da Faculdade de Medicina da Universidade de S\u00e3o Paulo. A Associa\u00e7\u00e3o manifesta suas condol\u00eancias e se solidariza com amigos, parentes e colegas de Prof. Marcelo nesse momento dif\u00edcil.<\/p>\n","protected":false},"excerpt":{"rendered":"<p>Com imenso pesar, a ANAMT comunica o falecimento de Prof. Marcelo Pustiglione. M\u00e9dico da Divis\u00e3o T\u00e9cnica de Vigil\u00e2ncia Sanit\u00e1ria (CEREST Estadual) em S\u00e3o Paulo, Prof. Marcelo M\u00e9dico da Divis\u00e3o T\u00e9cnica de Vigil\u00e2ncia Sanit\u00e1ria (CEREST Estadual) tamb\u00e9m foi professor do Departamento de Medicina Legal, \u00c9tica M\u00e9dica, Medicina Social e do Trabalho da Faculdade de Medicina da [&hellip;]<\/p>\n","protected":false},"author":5,"featured_media":48298,"comment_status":"closed","ping_status":"closed","sticky":false,"template":"","format":"standard","meta":{"footnotes":""},"categories":[77,8],"tags":[],"_links":{"self":[{"href":"https:\/\/www.anamt.org.br\/portal\/wp-json\/wp\/v2\/posts\/50467"}],"collection":[{"href":"https:\/\/www.anamt.org.br\/portal\/wp-json\/wp\/v2\/posts"}],"about":[{"href":"https:\/\/www.anamt.org.br\/portal\/wp-json\/wp\/v2\/types\/post"}],"author":[{"embeddable":true,"href":"https:\/\/www.anamt.org.br\/portal\/wp-json\/wp\/v2\/users\/5"}],"replies":[{"embeddable":true,"href":"https:\/\/www.anamt.org.br\/portal\/wp-json\/wp\/v2\/comments?post=50467"}],"version-history":[{"count":2,"href":"https:\/\/www.anamt.org.br\/portal\/wp-json\/wp\/v2\/posts\/50467\/revisions"}],"predecessor-version":[{"id":50470,"href":"https:\/\/www.anamt.org.br\/portal\/wp-json\/wp\/v2\/posts\/50467\/revisions\/50470"}],"wp:featuredmedia":[{"embeddable":true,"href":"https:\/\/www.anamt.org.br\/portal\/wp-json\/wp\/v2\/media\/48298"}],"wp:attachment":[{"href":"https:\/\/www.anamt.org.br\/portal\/wp-json\/wp\/v2\/media?parent=50467"}],"wp:term":[{"taxonomy":"category","embeddable":true,"href":"https:\/\/www.anamt.org.br\/portal\/wp-json\/wp\/v2\/categories?post=50467"},{"taxonomy":"post_tag","embeddable":true,"href":"https:\/\/www.anamt.org.br\/portal\/wp-json\/wp\/v2\/tags?post=50467"}],"curies":[{"name":"wp","href":"https:\/\/api.w.org\/{rel}","templated":true}]}}