{"id":50461,"date":"2024-10-23T17:03:59","date_gmt":"2024-10-23T20:03:59","guid":{"rendered":"https:\/\/www.anamt.org.br\/portal\/?p=50461"},"modified":"2024-10-23T17:03:59","modified_gmt":"2024-10-23T20:03:59","slug":"anamt-participa-do-xxv-cobrasemt","status":"publish","type":"post","link":"https:\/\/www.anamt.org.br\/portal\/2024\/10\/23\/anamt-participa-do-xxv-cobrasemt\/","title":{"rendered":"ANAMT participa do XXV COBRASEMT"},"content":{"rendered":"<p>O presidente da ANAMT, Dr. Francisco Fernandes, e o diretor de rela\u00e7\u00f5es internacionais da entidade, Dr. Ricardo Turenko, participaram do XXV Congresso Brasileiro de Seguran\u00e7a e Medicina no Trabalho (COBRASEMT), que ocorre em S\u00e3o Paulo (SP) at\u00e9 esta quinta-feira (24). O evento ocorre simultaneamente a Feira Internacional de Seguran\u00e7a e Prote\u00e7\u00e3o (FISP).<\/p>\n<p><img decoding=\"async\" class=\"aligncenter wp-image-50463 size-fusion-600\" src=\"https:\/\/www.anamt.org.br\/portal\/wp-content\/uploads\/2024\/10\/WhatsApp-Image-2024-10-23-at-15.37.55-600x277.jpeg\" alt=\"\" width=\"600\" height=\"277\" srcset=\"https:\/\/www.anamt.org.br\/portal\/wp-content\/uploads\/2024\/10\/WhatsApp-Image-2024-10-23-at-15.37.55-200x92.jpeg 200w, https:\/\/www.anamt.org.br\/portal\/wp-content\/uploads\/2024\/10\/WhatsApp-Image-2024-10-23-at-15.37.55-300x139.jpeg 300w, https:\/\/www.anamt.org.br\/portal\/wp-content\/uploads\/2024\/10\/WhatsApp-Image-2024-10-23-at-15.37.55-400x185.jpeg 400w, https:\/\/www.anamt.org.br\/portal\/wp-content\/uploads\/2024\/10\/WhatsApp-Image-2024-10-23-at-15.37.55-600x277.jpeg 600w, https:\/\/www.anamt.org.br\/portal\/wp-content\/uploads\/2024\/10\/WhatsApp-Image-2024-10-23-at-15.37.55-768x355.jpeg 768w, https:\/\/www.anamt.org.br\/portal\/wp-content\/uploads\/2024\/10\/WhatsApp-Image-2024-10-23-at-15.37.55-800x369.jpeg 800w, https:\/\/www.anamt.org.br\/portal\/wp-content\/uploads\/2024\/10\/WhatsApp-Image-2024-10-23-at-15.37.55-1024x473.jpeg 1024w, https:\/\/www.anamt.org.br\/portal\/wp-content\/uploads\/2024\/10\/WhatsApp-Image-2024-10-23-at-15.37.55-1200x554.jpeg 1200w, https:\/\/www.anamt.org.br\/portal\/wp-content\/uploads\/2024\/10\/WhatsApp-Image-2024-10-23-at-15.37.55-1536x709.jpeg 1536w\" sizes=\"(max-width: 600px) 100vw, 600px\" \/><\/p>\n<p><img decoding=\"async\" class=\"aligncenter wp-image-50464 size-fusion-600\" src=\"https:\/\/www.anamt.org.br\/portal\/wp-content\/uploads\/2024\/10\/WhatsApp-Image-2024-10-23-at-15.37.54-600x450.jpeg\" alt=\"\" width=\"600\" height=\"450\" srcset=\"https:\/\/www.anamt.org.br\/portal\/wp-content\/uploads\/2024\/10\/WhatsApp-Image-2024-10-23-at-15.37.54-200x150.jpeg 200w, https:\/\/www.anamt.org.br\/portal\/wp-content\/uploads\/2024\/10\/WhatsApp-Image-2024-10-23-at-15.37.54-300x225.jpeg 300w, https:\/\/www.anamt.org.br\/portal\/wp-content\/uploads\/2024\/10\/WhatsApp-Image-2024-10-23-at-15.37.54-400x300.jpeg 400w, https:\/\/www.anamt.org.br\/portal\/wp-content\/uploads\/2024\/10\/WhatsApp-Image-2024-10-23-at-15.37.54-600x450.jpeg 600w, https:\/\/www.anamt.org.br\/portal\/wp-content\/uploads\/2024\/10\/WhatsApp-Image-2024-10-23-at-15.37.54-768x576.jpeg 768w, https:\/\/www.anamt.org.br\/portal\/wp-content\/uploads\/2024\/10\/WhatsApp-Image-2024-10-23-at-15.37.54-800x600.jpeg 800w, https:\/\/www.anamt.org.br\/portal\/wp-content\/uploads\/2024\/10\/WhatsApp-Image-2024-10-23-at-15.37.54-1024x768.jpeg 1024w, https:\/\/www.anamt.org.br\/portal\/wp-content\/uploads\/2024\/10\/WhatsApp-Image-2024-10-23-at-15.37.54-1200x900.jpeg 1200w, https:\/\/www.anamt.org.br\/portal\/wp-content\/uploads\/2024\/10\/WhatsApp-Image-2024-10-23-at-15.37.54-1536x1152.jpeg 1536w, https:\/\/www.anamt.org.br\/portal\/wp-content\/uploads\/2024\/10\/WhatsApp-Image-2024-10-23-at-15.37.54.jpeg 1600w\" sizes=\"(max-width: 600px) 100vw, 600px\" \/><\/p>\n<p><img decoding=\"async\" class=\"aligncenter wp-image-50465 size-fusion-600\" src=\"https:\/\/www.anamt.org.br\/portal\/wp-content\/uploads\/2024\/10\/WhatsApp-Image-2024-10-23-at-15.37.56-600x450.jpeg\" alt=\"\" width=\"600\" height=\"450\" srcset=\"https:\/\/www.anamt.org.br\/portal\/wp-content\/uploads\/2024\/10\/WhatsApp-Image-2024-10-23-at-15.37.56-200x150.jpeg 200w, https:\/\/www.anamt.org.br\/portal\/wp-content\/uploads\/2024\/10\/WhatsApp-Image-2024-10-23-at-15.37.56-300x225.jpeg 300w, https:\/\/www.anamt.org.br\/portal\/wp-content\/uploads\/2024\/10\/WhatsApp-Image-2024-10-23-at-15.37.56-400x300.jpeg 400w, https:\/\/www.anamt.org.br\/portal\/wp-content\/uploads\/2024\/10\/WhatsApp-Image-2024-10-23-at-15.37.56-600x450.jpeg 600w, https:\/\/www.anamt.org.br\/portal\/wp-content\/uploads\/2024\/10\/WhatsApp-Image-2024-10-23-at-15.37.56-768x576.jpeg 768w, https:\/\/www.anamt.org.br\/portal\/wp-content\/uploads\/2024\/10\/WhatsApp-Image-2024-10-23-at-15.37.56-800x600.jpeg 800w, https:\/\/www.anamt.org.br\/portal\/wp-content\/uploads\/2024\/10\/WhatsApp-Image-2024-10-23-at-15.37.56-1024x768.jpeg 1024w, https:\/\/www.anamt.org.br\/portal\/wp-content\/uploads\/2024\/10\/WhatsApp-Image-2024-10-23-at-15.37.56-1200x900.jpeg 1200w, https:\/\/www.anamt.org.br\/portal\/wp-content\/uploads\/2024\/10\/WhatsApp-Image-2024-10-23-at-15.37.56-1536x1152.jpeg 1536w, https:\/\/www.anamt.org.br\/portal\/wp-content\/uploads\/2024\/10\/WhatsApp-Image-2024-10-23-at-15.37.56.jpeg 1600w\" sizes=\"(max-width: 600px) 100vw, 600px\" \/><\/p>\n","protected":false},"excerpt":{"rendered":"<p>O presidente da ANAMT, Dr. Francisco Fernandes, e o diretor de rela\u00e7\u00f5es internacionais da entidade, Dr. Ricardo Turenko, participaram do XXV Congresso Brasileiro de Seguran\u00e7a e Medicina no Trabalho (COBRASEMT), que ocorre em S\u00e3o Paulo (SP) at\u00e9 esta quinta-feira (24). O evento ocorre simultaneamente a Feira Internacional de Seguran\u00e7a e Prote\u00e7\u00e3o (FISP).<\/p>\n","protected":false},"author":5,"featured_media":50462,"comment_status":"closed","ping_status":"closed","sticky":false,"template":"","format":"standard","meta":{"footnotes":""},"categories":[77,8],"tags":[],"_links":{"self":[{"href":"https:\/\/www.anamt.org.br\/portal\/wp-json\/wp\/v2\/posts\/50461"}],"collection":[{"href":"https:\/\/www.anamt.org.br\/portal\/wp-json\/wp\/v2\/posts"}],"about":[{"href":"https:\/\/www.anamt.org.br\/portal\/wp-json\/wp\/v2\/types\/post"}],"author":[{"embeddable":true,"href":"https:\/\/www.anamt.org.br\/portal\/wp-json\/wp\/v2\/users\/5"}],"replies":[{"embeddable":true,"href":"https:\/\/www.anamt.org.br\/portal\/wp-json\/wp\/v2\/comments?post=50461"}],"version-history":[{"count":1,"href":"https:\/\/www.anamt.org.br\/portal\/wp-json\/wp\/v2\/posts\/50461\/revisions"}],"predecessor-version":[{"id":50466,"href":"https:\/\/www.anamt.org.br\/portal\/wp-json\/wp\/v2\/posts\/50461\/revisions\/50466"}],"wp:featuredmedia":[{"embeddable":true,"href":"https:\/\/www.anamt.org.br\/portal\/wp-json\/wp\/v2\/media\/50462"}],"wp:attachment":[{"href":"https:\/\/www.anamt.org.br\/portal\/wp-json\/wp\/v2\/media?parent=50461"}],"wp:term":[{"taxonomy":"category","embeddable":true,"href":"https:\/\/www.anamt.org.br\/portal\/wp-json\/wp\/v2\/categories?post=50461"},{"taxonomy":"post_tag","embeddable":true,"href":"https:\/\/www.anamt.org.br\/portal\/wp-json\/wp\/v2\/tags?post=50461"}],"curies":[{"name":"wp","href":"https:\/\/api.w.org\/{rel}","templated":true}]}}