{"id":50457,"date":"2024-10-23T08:28:59","date_gmt":"2024-10-23T11:28:59","guid":{"rendered":"https:\/\/www.anamt.org.br\/portal\/?p=50457"},"modified":"2024-10-23T08:29:30","modified_gmt":"2024-10-23T11:29:30","slug":"webinario-da-anamt-destaca-como-utilizar-os-servicos-do-atesta-cfm-em-vigor-a-partir-de-5-de-novembro","status":"publish","type":"post","link":"https:\/\/www.anamt.org.br\/portal\/2024\/10\/23\/webinario-da-anamt-destaca-como-utilizar-os-servicos-do-atesta-cfm-em-vigor-a-partir-de-5-de-novembro\/","title":{"rendered":"Webin\u00e1rio da ANAMT destaca uso do Atesta CFM, em vigor a partir de 5 de novembro"},"content":{"rendered":"<p>Marco da luta contra a falsifica\u00e7\u00e3o do atestado m\u00e9dico, as caracter\u00edsticas da nova plataforma Atesta CFM foram o tema da palestra do coordenador de TI do CFM, Gleidson Porto, membro da Comiss\u00e3o Permanente do Atesta CFM, no webin\u00e1rio realizado pela ANAMT no dia 21 de outubro. A ferramenta, institu\u00edda pela Resolu\u00e7\u00e3o CFM 2382\/2024, entrar\u00e1 em vigor no dia 5 de novembro e ser\u00e1 obrigat\u00f3ria a partir de 5 de 2025. O servi\u00e7o \u00e9 gratuito.<\/p>\n<p>A coordena\u00e7\u00e3o da palestra coube ao Dr. Ricardo Turenko, diretor de Rela\u00e7\u00f5es Internacionais da ANAMT. Participaram do encontro virtual Dr. Francisco Fernandes, presidente da ANAMT e Dra. Rosylane Rocha, diretora cient\u00edfica da Associa\u00e7\u00e3o e 2\u00aa vice-presidente do Conselho.<\/p>\n<p>&#8220;Quero salientar que todas as resolu\u00e7\u00f5es do Conselho Federal de Medicina n\u00e3o saem da cabe\u00e7a de um conselheiro e s\u00e3o publicadas. Existe um estudo do conselheiro relator que, muitas vezes, tamb\u00e9m se vale de consultas \u00e0s c\u00e2maras t\u00e9cnicas e a outros \u00f3rg\u00e3os. No caso do Atesta CFM, especificamente naquilo que permeou a quest\u00e3o dos atestados relacionados \u00e0 medicina do trabalho, ouvimos m\u00e9dicos de alguns estados e de diferentes \u00e1reas de atua\u00e7\u00e3o dentro da medicina. Al\u00e9m disso, tivemos reuni\u00f5es com o Minist\u00e9rio do Trabalho para alinhar com eles e estarmos com o texto da Resolu\u00e7\u00e3o de acordo com a legisla\u00e7\u00e3o vigente&#8221;, pontuou a diretora cient\u00edfica.<\/p>\n<p>Gleidson Porto destacou que &#8220;o Atesta CFM \u00e9 uma plataforma oficial para a emiss\u00e3o e a valida\u00e7\u00e3o de atestados com chancela do CFM. A plataforma surgiu ap\u00f3s um estudo de mais de tr\u00eas anos para o desenvolvimento da ferramenta. Ser\u00e3o beneficiados m\u00e9dicos, empregadores e trabalhadores na emiss\u00e3o, valida\u00e7\u00e3o, guarda e controle dos atestados com seguran\u00e7a, agilidade e interoperabilidade&#8221;, afirmou o especialista do Conselho ao explicar o alinhamento com a Lei Geral de Prote\u00e7\u00e3o de Dados (LGPD).<\/p>\n<p>Os documentos poder\u00e3o ser emitidos no Atesta CFM e tamb\u00e9m em plataformas de terceiros integradas. A plataforma \u00e9 compat\u00edvel com dispositivos m\u00f3veis e mais detalhes podem ser vistos no site <a href=\"http:\/\/www.atestacfm.org.br\">www.atestacfm.org.br<\/a>. A emiss\u00e3o dos atestados requer a certifica\u00e7\u00e3o digital ICP-Brasil.<\/p>\n<p>O Atesta CFM beneficiar\u00e1 os m\u00e9dicos, que poder\u00e3o emitir os documentos de qualquer local, com recebimento de alertas em rela\u00e7\u00e3o \u00e0s emiss\u00f5es de atestados em seu nome. Os pacientes contar\u00e3o com um aplicativo para acessar o hist\u00f3rico de seus atestados e haver\u00e1 um m\u00f3dulo para as empresas, como resumiu Gleidson Porto.<\/p>\n<p>Ele destacou que a nova plataforma colaborar\u00e1 com os conselhos regionais de medicina impedindo o exerc\u00edcio ilegal da profiss\u00e3o. &#8220;Todo atestado passar\u00e1 pelo barramento do Atesta CFM, o que garante que apenas o m\u00e9dico habilitado para o exerc\u00edcio legal da medicina consiga emitir atestado m\u00e9dico&#8221;, frisou Porto.<\/p>\n<p>A plataforma tamb\u00e9m traz benef\u00edcios para o INSS, com a redu\u00e7\u00e3o de fraudes, e de pagamentos indevidos, colaborando com a sustentabilidade no sistema previdenci\u00e1rio, explicou o especialista do Conselho.<\/p>\n<p>Ao final da palestra e de um v\u00eddeo institucional sobre a plataforma, o webin\u00e1rio contou com perguntas e respostas para esclarecer as d\u00favidas dos participantes do encontro virtual.<\/p>\n","protected":false},"excerpt":{"rendered":"<p>Marco da luta contra a falsifica\u00e7\u00e3o do atestado m\u00e9dico, as caracter\u00edsticas da nova plataforma Atesta CFM foram o tema da palestra do coordenador de TI do CFM, Gleidson Porto, membro da Comiss\u00e3o Permanente do Atesta CFM, no webin\u00e1rio realizado pela ANAMT no dia 21 de outubro. A ferramenta, institu\u00edda pela Resolu\u00e7\u00e3o CFM 2382\/2024, entrar\u00e1 em [&hellip;]<\/p>\n","protected":false},"author":5,"featured_media":48059,"comment_status":"closed","ping_status":"closed","sticky":false,"template":"","format":"standard","meta":{"footnotes":""},"categories":[77,8],"tags":[],"_links":{"self":[{"href":"https:\/\/www.anamt.org.br\/portal\/wp-json\/wp\/v2\/posts\/50457"}],"collection":[{"href":"https:\/\/www.anamt.org.br\/portal\/wp-json\/wp\/v2\/posts"}],"about":[{"href":"https:\/\/www.anamt.org.br\/portal\/wp-json\/wp\/v2\/types\/post"}],"author":[{"embeddable":true,"href":"https:\/\/www.anamt.org.br\/portal\/wp-json\/wp\/v2\/users\/5"}],"replies":[{"embeddable":true,"href":"https:\/\/www.anamt.org.br\/portal\/wp-json\/wp\/v2\/comments?post=50457"}],"version-history":[{"count":2,"href":"https:\/\/www.anamt.org.br\/portal\/wp-json\/wp\/v2\/posts\/50457\/revisions"}],"predecessor-version":[{"id":50460,"href":"https:\/\/www.anamt.org.br\/portal\/wp-json\/wp\/v2\/posts\/50457\/revisions\/50460"}],"wp:featuredmedia":[{"embeddable":true,"href":"https:\/\/www.anamt.org.br\/portal\/wp-json\/wp\/v2\/media\/48059"}],"wp:attachment":[{"href":"https:\/\/www.anamt.org.br\/portal\/wp-json\/wp\/v2\/media?parent=50457"}],"wp:term":[{"taxonomy":"category","embeddable":true,"href":"https:\/\/www.anamt.org.br\/portal\/wp-json\/wp\/v2\/categories?post=50457"},{"taxonomy":"post_tag","embeddable":true,"href":"https:\/\/www.anamt.org.br\/portal\/wp-json\/wp\/v2\/tags?post=50457"}],"curies":[{"name":"wp","href":"https:\/\/api.w.org\/{rel}","templated":true}]}}