{"id":50454,"date":"2024-10-23T08:12:39","date_gmt":"2024-10-23T11:12:39","guid":{"rendered":"https:\/\/www.anamt.org.br\/portal\/?p=50454"},"modified":"2024-10-23T08:12:39","modified_gmt":"2024-10-23T11:12:39","slug":"law-academy-realiza-congresso-labour-2030-em-portugal","status":"publish","type":"post","link":"https:\/\/www.anamt.org.br\/portal\/2024\/10\/23\/law-academy-realiza-congresso-labour-2030-em-portugal\/","title":{"rendered":"Law Academy realiza congresso Labour 2030 em Portugal"},"content":{"rendered":"<p>Entre os dias 11 e 12 de setembro de 2025, a Law Academy, associa\u00e7\u00e3o portuguesa que promove o conhecimento multidisciplinar, realizar\u00e1 o Labour 2030, congresso internacional sobre Direito do Trabalho. O evento ser\u00e1 em Porto (Portugal). Atualmente, o evento est\u00e1 com submiss\u00f5es abertas para envio de trabalhos sobre dez temas.<\/p>\n<p>Mais informa\u00e7\u00f5es, no site <a href=\"https:\/\/www.labour2030.eu\/\" target=\"_blank\" rel=\"noopener\">https:\/\/www.labour2030.eu\/<\/a><\/p>\n","protected":false},"excerpt":{"rendered":"<p>Entre os dias 11 e 12 de setembro de 2025, a Law Academy, associa\u00e7\u00e3o portuguesa que promove o conhecimento multidisciplinar, realizar\u00e1 o Labour 2030, congresso internacional sobre Direito do Trabalho. O evento ser\u00e1 em Porto (Portugal). Atualmente, o evento est\u00e1 com submiss\u00f5es abertas para envio de trabalhos sobre dez temas. Mais informa\u00e7\u00f5es, no site https:\/\/www.labour2030.eu\/<\/p>\n","protected":false},"author":5,"featured_media":50455,"comment_status":"closed","ping_status":"closed","sticky":false,"template":"","format":"standard","meta":{"footnotes":""},"categories":[77,8],"tags":[],"_links":{"self":[{"href":"https:\/\/www.anamt.org.br\/portal\/wp-json\/wp\/v2\/posts\/50454"}],"collection":[{"href":"https:\/\/www.anamt.org.br\/portal\/wp-json\/wp\/v2\/posts"}],"about":[{"href":"https:\/\/www.anamt.org.br\/portal\/wp-json\/wp\/v2\/types\/post"}],"author":[{"embeddable":true,"href":"https:\/\/www.anamt.org.br\/portal\/wp-json\/wp\/v2\/users\/5"}],"replies":[{"embeddable":true,"href":"https:\/\/www.anamt.org.br\/portal\/wp-json\/wp\/v2\/comments?post=50454"}],"version-history":[{"count":1,"href":"https:\/\/www.anamt.org.br\/portal\/wp-json\/wp\/v2\/posts\/50454\/revisions"}],"predecessor-version":[{"id":50456,"href":"https:\/\/www.anamt.org.br\/portal\/wp-json\/wp\/v2\/posts\/50454\/revisions\/50456"}],"wp:featuredmedia":[{"embeddable":true,"href":"https:\/\/www.anamt.org.br\/portal\/wp-json\/wp\/v2\/media\/50455"}],"wp:attachment":[{"href":"https:\/\/www.anamt.org.br\/portal\/wp-json\/wp\/v2\/media?parent=50454"}],"wp:term":[{"taxonomy":"category","embeddable":true,"href":"https:\/\/www.anamt.org.br\/portal\/wp-json\/wp\/v2\/categories?post=50454"},{"taxonomy":"post_tag","embeddable":true,"href":"https:\/\/www.anamt.org.br\/portal\/wp-json\/wp\/v2\/tags?post=50454"}],"curies":[{"name":"wp","href":"https:\/\/api.w.org\/{rel}","templated":true}]}}