{"id":50441,"date":"2024-10-15T11:48:39","date_gmt":"2024-10-15T14:48:39","guid":{"rendered":"https:\/\/www.anamt.org.br\/portal\/?p=50441"},"modified":"2024-10-15T11:48:39","modified_gmt":"2024-10-15T14:48:39","slug":"dois-candidatos-concorrem-a-eleicao-para-secretario-do-icoh-brasil-nos-dias-22-e-23-de-outubro","status":"publish","type":"post","link":"https:\/\/www.anamt.org.br\/portal\/2024\/10\/15\/dois-candidatos-concorrem-a-eleicao-para-secretario-do-icoh-brasil-nos-dias-22-e-23-de-outubro\/","title":{"rendered":"Dois candidatos concorrem \u00e0 elei\u00e7\u00e3o para Secret\u00e1rio do ICOH Brasil, nos dias 22 e 23 de outubro"},"content":{"rendered":"<p>A Comiss\u00e3o Internacional de Sa\u00fade no Brasil (ICOH Brasil) realiza elei\u00e7\u00e3o para o cargo de Secret\u00e1rio Nacional da Comiss\u00e3o Internacional de Sa\u00fade Ocupacional, nos dias 22 e 23 de outubro, para o mandato de 2024 a 2027. O pleito conta com dois candidatos, o Dr. Ricardo Ant\u00f4nio Turenko Be\u00e7a, que disputa a reelei\u00e7\u00e3o no cargo, e a Dra. Adriana Jardim Arias Pereira. A elei\u00e7\u00e3o ser\u00e1 online e dura\u00e7\u00e3o de 48 horas.<\/p>\n<p>Candidatos:<\/p>\n<p><a href=\"https:\/\/edulogica.com.br\/icoh\/curriculos2.htm\" target=\"_blank\" rel=\"noopener\">Dr. Ricardo Turenko<\/a> &#8211; Em mensagem aos colegas eleitores, o Dr. Turenko, atual Secret\u00e1rio Nacional do ICOH Brasil, gest\u00e3o 2022 a 2024, destaca seu prop\u00f3sito de continuar \u00e0 frente da Secretaria por mais dois anos. Ap\u00f3s o per\u00edodo, pretende avaliar ocupar outras posi\u00e7\u00f5es na Comiss\u00e3o.<\/p>\n<p>&#8220;Nos \u00faltimos 2 anos me dediquei a fortalecer a representatividade do Brasil, e participei ativamente de reuni\u00f5es e atividades da ICOH, da inclus\u00e3o dos Secret\u00e1rios Nacionais nas reuni\u00f5es Mid Term da ICOH, e, mais recentemente, o lan\u00e7amento da s\u00e9rie de webinars da ICOH, com v\u00e1rios t\u00f3picos atuais em sa\u00fade ocupacional&#8221;, resumiu o Dr. Turenko.<br \/>\nEm breve curr\u00edculo, o Dr. Turenko \u00e9 p\u00f3s-graduado em Per\u00edcia M\u00e9dica, ergonomista e M\u00e9dico do Trabalho. \u00c9 Gerente S\u00eanior de Environment, Health, Safety &amp; Infrastructure da Samsung Eletr\u00f4nica da Amaz\u00f4nia. Tamb\u00e9m \u00e9 Membro da C\u00e2mara T\u00e9cnica de Medicina do Trabalho do CRM-AM, Coordenador da Comiss\u00e3o de Estudo Especial de Ergonomia, Antropometria e Biomec\u00e2nica (ABNT\/CEE-136) para a ABNT. \u00c9 Membro da Ergonomics International School, Mil\u00e3o-IT (EPMIES) e Diretor de Rela\u00e7\u00f5es Internacionais da Associa\u00e7\u00e3o Nacional de Medicina do Trabalho (ANAMT), entre outras experi\u00eancias e forma\u00e7\u00e3o.<\/p>\n<p><a href=\"https:\/\/edulogica.com.br\/icoh\/curriculos1.htm\" target=\"_blank\" rel=\"noopener\">Dra. Adriana Pereira<\/a> &#8211; Em mensagem aos m\u00e9dicos eleitores, a Dra. Adriana Jardim Arias Pereira ressaltou seu comprometimento com a promo\u00e7\u00e3o da sa\u00fade no ambiente de trabalho e destacou sua experi\u00eancia tanto no Brasil como no exterior. &#8220;Estou capacitada a representar nossos interesses de maneira s\u00f3lida e inovadora. Juntos, podemos fortalecer nossa atua\u00e7\u00e3o e elevar os padr\u00f5es de sa\u00fade ocupacional no pa\u00eds&#8221;, frisou.<\/p>\n<p>Apenas para citar algumas de suas experi\u00eancias, a Dra. Adriana \u00e9 m\u00e9dica do trabalho, formada pela Unicamp, p\u00f3s-graduada em Higiene Ocupacional pela USP e MBA em Data Science &amp; Analytics pela USP-Esalq, Membro da Diretoria Cient\u00edfica da Associa\u00e7\u00e3o Paulista de Medicina do Trabalho. Membro da ANAMT, Membro do ICOH \u2013 International Commission on Occupational Health desde 2011 (Member Code A4714), M\u00e9dica do Corpo Cl\u00ednico do Hospital Israelita Albert Einstein em S\u00e3o Paulo, entre outras experi\u00eancias e forma\u00e7\u00e3o.<\/p>\n<p><a href=\"https:\/\/docs.google.com\/forms\/d\/e\/1FAIpQLSeiYwHbBtjFKH5R3Jbo8CmzVy-hmbntP7BnqBuMR16A_3vcIw\/viewform?fbzx=868043608065658961\" target=\"_blank\" rel=\"noopener\">Link para vota\u00e7\u00e3o, somente nos dias 22 e 23 de outubro<\/a><\/p>\n","protected":false},"excerpt":{"rendered":"<p>A Comiss\u00e3o Internacional de Sa\u00fade no Brasil (ICOH Brasil) realiza elei\u00e7\u00e3o para o cargo de Secret\u00e1rio Nacional da Comiss\u00e3o Internacional de Sa\u00fade Ocupacional, nos dias 22 e 23 de outubro, para o mandato de 2024 a 2027. O pleito conta com dois candidatos, o Dr. Ricardo Ant\u00f4nio Turenko Be\u00e7a, que disputa a reelei\u00e7\u00e3o no cargo, [&hellip;]<\/p>\n","protected":false},"author":5,"featured_media":42803,"comment_status":"closed","ping_status":"closed","sticky":false,"template":"","format":"standard","meta":{"footnotes":""},"categories":[77,8],"tags":[],"_links":{"self":[{"href":"https:\/\/www.anamt.org.br\/portal\/wp-json\/wp\/v2\/posts\/50441"}],"collection":[{"href":"https:\/\/www.anamt.org.br\/portal\/wp-json\/wp\/v2\/posts"}],"about":[{"href":"https:\/\/www.anamt.org.br\/portal\/wp-json\/wp\/v2\/types\/post"}],"author":[{"embeddable":true,"href":"https:\/\/www.anamt.org.br\/portal\/wp-json\/wp\/v2\/users\/5"}],"replies":[{"embeddable":true,"href":"https:\/\/www.anamt.org.br\/portal\/wp-json\/wp\/v2\/comments?post=50441"}],"version-history":[{"count":1,"href":"https:\/\/www.anamt.org.br\/portal\/wp-json\/wp\/v2\/posts\/50441\/revisions"}],"predecessor-version":[{"id":50442,"href":"https:\/\/www.anamt.org.br\/portal\/wp-json\/wp\/v2\/posts\/50441\/revisions\/50442"}],"wp:featuredmedia":[{"embeddable":true,"href":"https:\/\/www.anamt.org.br\/portal\/wp-json\/wp\/v2\/media\/42803"}],"wp:attachment":[{"href":"https:\/\/www.anamt.org.br\/portal\/wp-json\/wp\/v2\/media?parent=50441"}],"wp:term":[{"taxonomy":"category","embeddable":true,"href":"https:\/\/www.anamt.org.br\/portal\/wp-json\/wp\/v2\/categories?post=50441"},{"taxonomy":"post_tag","embeddable":true,"href":"https:\/\/www.anamt.org.br\/portal\/wp-json\/wp\/v2\/tags?post=50441"}],"curies":[{"name":"wp","href":"https:\/\/api.w.org\/{rel}","templated":true}]}}