{"id":50424,"date":"2024-10-04T08:35:59","date_gmt":"2024-10-04T11:35:59","guid":{"rendered":"https:\/\/www.anamt.org.br\/portal\/?p=50424"},"modified":"2024-10-04T08:52:28","modified_gmt":"2024-10-04T11:52:28","slug":"21o-congresso-nacional-anamt-confira-as-materias-do-evento","status":"publish","type":"post","link":"https:\/\/www.anamt.org.br\/portal\/2024\/10\/04\/21o-congresso-nacional-anamt-confira-as-materias-do-evento\/","title":{"rendered":"21\u00ba Congresso Nacional ANAMT: confira as mat\u00e9rias do evento"},"content":{"rendered":"<p>Entre os dias 30 de setembro e 2 de outubro, a ANAMT realizou, em Belo Horizonte (MG), o 21\u00ba Congresso Nacional ANAMT. A seguir, veja as principais mat\u00e9rias realizadas sobre o evento:<\/p>\n<p><a href=\"https:\/\/www.anamt.org.br\/portal\/2024\/09\/30\/anamt-inicia-21o-congresso-nacional-em-belo-horizonte-acompanhe-a-cobertura\/\" target=\"_blank\" rel=\"noopener\">ANAMT inicia 21\u00ba Congresso Nacional em Belo Horizonte \u2013 acompanhe a cobertura<\/a><\/p>\n<p><a href=\"https:\/\/www.anamt.org.br\/portal\/2024\/09\/30\/21o-congresso-nacional-futuro-da-medicina-e-mudancas-climaticas\/\" target=\"_blank\" rel=\"noopener\">21\u00ba Congresso Nacional ANAMT: Futuro da medicina e mudan\u00e7as clim\u00e1ticas<\/a><\/p>\n<p><a href=\"https:\/\/www.anamt.org.br\/portal\/2024\/10\/01\/abertura-do-21o-congresso-nacional-anamt-ressalta-importancia-da-especialidade-e-firma-novas-parcerias\/\" target=\"_blank\" rel=\"noopener\">Abertura do 21\u00ba Congresso Nacional ANAMT ressalta import\u00e2ncia da especialidade e firma novas parcerias<\/a><\/p>\n<p><a href=\"https:\/\/www.anamt.org.br\/portal\/2024\/10\/01\/inteligencia-artificial-e-apresentacao-de-trabalhos-cientificos-integram-a-programacao-do-21o-congresso-nacional-anamt\/\" target=\"_blank\" rel=\"noopener\">Intelig\u00eancia Artificial e apresenta\u00e7\u00e3o de trabalhos cient\u00edficos integram a programa\u00e7\u00e3o do 21\u00ba Congresso Nacional ANAMT<\/a><\/p>\n<p><a href=\"https:\/\/www.anamt.org.br\/portal\/2024\/10\/02\/21o-congresso-nacional-anamt-desafios-das-mudancas-climaticas-e-psicologia-do-trabalho-estao-entre-os-temas-abordados\/\" target=\"_blank\" rel=\"noopener\">21\u00ba Congresso Nacional ANAMT: desafios das mudan\u00e7as clim\u00e1ticas e psicologia do trabalho est\u00e3o entre os temas abordados<\/a><\/p>\n","protected":false},"excerpt":{"rendered":"<p>Entre os dias 30 de setembro e 2 de outubro, a ANAMT realizou, em Belo Horizonte (MG), o 21\u00ba Congresso Nacional ANAMT. A seguir, veja as principais mat\u00e9rias realizadas sobre o evento: ANAMT inicia 21\u00ba Congresso Nacional em Belo Horizonte \u2013 acompanhe a cobertura 21\u00ba Congresso Nacional ANAMT: Futuro da medicina e mudan\u00e7as clim\u00e1ticas Abertura [&hellip;]<\/p>\n","protected":false},"author":5,"featured_media":49632,"comment_status":"closed","ping_status":"closed","sticky":false,"template":"","format":"standard","meta":{"footnotes":""},"categories":[77,8],"tags":[],"_links":{"self":[{"href":"https:\/\/www.anamt.org.br\/portal\/wp-json\/wp\/v2\/posts\/50424"}],"collection":[{"href":"https:\/\/www.anamt.org.br\/portal\/wp-json\/wp\/v2\/posts"}],"about":[{"href":"https:\/\/www.anamt.org.br\/portal\/wp-json\/wp\/v2\/types\/post"}],"author":[{"embeddable":true,"href":"https:\/\/www.anamt.org.br\/portal\/wp-json\/wp\/v2\/users\/5"}],"replies":[{"embeddable":true,"href":"https:\/\/www.anamt.org.br\/portal\/wp-json\/wp\/v2\/comments?post=50424"}],"version-history":[{"count":2,"href":"https:\/\/www.anamt.org.br\/portal\/wp-json\/wp\/v2\/posts\/50424\/revisions"}],"predecessor-version":[{"id":50426,"href":"https:\/\/www.anamt.org.br\/portal\/wp-json\/wp\/v2\/posts\/50424\/revisions\/50426"}],"wp:featuredmedia":[{"embeddable":true,"href":"https:\/\/www.anamt.org.br\/portal\/wp-json\/wp\/v2\/media\/49632"}],"wp:attachment":[{"href":"https:\/\/www.anamt.org.br\/portal\/wp-json\/wp\/v2\/media?parent=50424"}],"wp:term":[{"taxonomy":"category","embeddable":true,"href":"https:\/\/www.anamt.org.br\/portal\/wp-json\/wp\/v2\/categories?post=50424"},{"taxonomy":"post_tag","embeddable":true,"href":"https:\/\/www.anamt.org.br\/portal\/wp-json\/wp\/v2\/tags?post=50424"}],"curies":[{"name":"wp","href":"https:\/\/api.w.org\/{rel}","templated":true}]}}