{"id":50378,"date":"2024-09-30T15:39:16","date_gmt":"2024-09-30T18:39:16","guid":{"rendered":"https:\/\/www.anamt.org.br\/portal\/?p=50378"},"modified":"2024-09-30T16:27:34","modified_gmt":"2024-09-30T19:27:34","slug":"anamt-realiza-ago-nesta-terca-feira","status":"publish","type":"post","link":"https:\/\/www.anamt.org.br\/portal\/2024\/09\/30\/anamt-realiza-ago-nesta-terca-feira\/","title":{"rendered":"ANAMT realiza Assembleia Geral Ordin\u00e1ria nessa ter\u00e7a-feira (30)"},"content":{"rendered":"<p>A ANAMT realiza sua Assembleia Geral Ordin\u00e1ria, no dia 1\u00ba de outubro, no Centro de Conven\u00e7\u00f5es e Eventos da Associa\u00e7\u00e3o M\u00e9dica de Minas Gerais, das 18h30 \u00e0s 20h. Conforme o <a href=\"https:\/\/www.anamt.org.br\/portal\/wp-content\/uploads\/2024\/04\/03.-ANAMT_-_Estatuto_social_21.11.2023_R1__1_.pdf\" target=\"_blank\" rel=\"noopener\">estatuto da Associa\u00e7\u00e3o<\/a>, t\u00eam direito de voto na AGO os associados adimplentes titulares, efetivos e jubilados nessas mesmas categorias. Conforme o inciso X do artigo 10 do Estatuto, podem &#8220;Votar em suas Assembleias Gerais, e solicitar sua convoca\u00e7\u00e3o ap\u00f3s um ano de filia\u00e7\u00e3o nos termos deste estatuto&#8221;.<\/p>\n<p><strong>O associado poder\u00e1 quitar os d\u00e9bitos em aberto at\u00e9 24 horas antes da Assembleia, adquirindo, assim, o direito de voto. Para regualrizar seu cadastro, procure a secretaria da ANAMT no stand da Associa\u00e7\u00e3o no 21\u00ba Congresso at\u00e9 \u00e0s 18h30 desta segunda-feira (30).<\/strong><\/p>\n<p>Os documentos est\u00e3o dispon\u00edveis abaixo:<\/p>\n<ul>\n<li><a href=\"https:\/\/www.anamt.org.br\/portal\/wp-content\/uploads\/2024\/09\/ANAMT-Edital-de-Convocacao-2024-VF.pdf\" target=\"_blank\" rel=\"noopener\">Edital de convoca\u00e7\u00e3o da AGO<\/a><\/li>\n<li><a href=\"https:\/\/www.anamt.org.br\/portal\/wp-content\/uploads\/2024\/09\/LISTA-ASSOCIADOS-ADIMPLENTES-APROVADOSATE16092023-TIT-EFE-JUB-ASSEMBLEIA-2024-1372.pdf\" target=\"_blank\" rel=\"noopener\">Lista de Associados Aptos a Votar<\/a><\/li>\n<\/ul>\n","protected":false},"excerpt":{"rendered":"<p>A ANAMT realiza sua Assembleia Geral Ordin\u00e1ria, no dia 1\u00ba de outubro, no Centro de Conven\u00e7\u00f5es e Eventos da Associa\u00e7\u00e3o M\u00e9dica de Minas Gerais, das 18h30 \u00e0s 20h. Conforme o estatuto da Associa\u00e7\u00e3o, t\u00eam direito de voto na AGO os associados adimplentes titulares, efetivos e jubilados nessas mesmas categorias. Conforme o inciso X do artigo [&hellip;]<\/p>\n","protected":false},"author":5,"featured_media":48293,"comment_status":"closed","ping_status":"closed","sticky":false,"template":"","format":"standard","meta":{"footnotes":""},"categories":[77,8],"tags":[],"_links":{"self":[{"href":"https:\/\/www.anamt.org.br\/portal\/wp-json\/wp\/v2\/posts\/50378"}],"collection":[{"href":"https:\/\/www.anamt.org.br\/portal\/wp-json\/wp\/v2\/posts"}],"about":[{"href":"https:\/\/www.anamt.org.br\/portal\/wp-json\/wp\/v2\/types\/post"}],"author":[{"embeddable":true,"href":"https:\/\/www.anamt.org.br\/portal\/wp-json\/wp\/v2\/users\/5"}],"replies":[{"embeddable":true,"href":"https:\/\/www.anamt.org.br\/portal\/wp-json\/wp\/v2\/comments?post=50378"}],"version-history":[{"count":2,"href":"https:\/\/www.anamt.org.br\/portal\/wp-json\/wp\/v2\/posts\/50378\/revisions"}],"predecessor-version":[{"id":50380,"href":"https:\/\/www.anamt.org.br\/portal\/wp-json\/wp\/v2\/posts\/50378\/revisions\/50380"}],"wp:featuredmedia":[{"embeddable":true,"href":"https:\/\/www.anamt.org.br\/portal\/wp-json\/wp\/v2\/media\/48293"}],"wp:attachment":[{"href":"https:\/\/www.anamt.org.br\/portal\/wp-json\/wp\/v2\/media?parent=50378"}],"wp:term":[{"taxonomy":"category","embeddable":true,"href":"https:\/\/www.anamt.org.br\/portal\/wp-json\/wp\/v2\/categories?post=50378"},{"taxonomy":"post_tag","embeddable":true,"href":"https:\/\/www.anamt.org.br\/portal\/wp-json\/wp\/v2\/tags?post=50378"}],"curies":[{"name":"wp","href":"https:\/\/api.w.org\/{rel}","templated":true}]}}