{"id":50373,"date":"2024-09-30T13:42:53","date_gmt":"2024-09-30T16:42:53","guid":{"rendered":"https:\/\/www.anamt.org.br\/portal\/?p=50373"},"modified":"2024-09-30T13:50:40","modified_gmt":"2024-09-30T16:50:40","slug":"anamt-inicia-21o-congresso-nacional-em-belo-horizonte-acompanhe-a-cobertura","status":"publish","type":"post","link":"https:\/\/www.anamt.org.br\/portal\/2024\/09\/30\/anamt-inicia-21o-congresso-nacional-em-belo-horizonte-acompanhe-a-cobertura\/","title":{"rendered":"ANAMT inicia 21\u00ba Congresso Nacional em Belo Horizonte &#8211; acompanhe a cobertura"},"content":{"rendered":"<p>A programa\u00e7\u00e3o cient\u00edfica do 21\u00ba Congresso Nacional ANAMT, que ocorre no Centro de Conven\u00e7\u00f5es e Eventos da Associa\u00e7\u00e3o M\u00e9dica de Minas Gerais (AMMG), em Belo Horizonte (MG), teve in\u00edcio nesta segunda (30) com o curso sobre \u2018Estabelecimento do nexo causal e concausa na avalia\u00e7\u00e3o do dano\u2019, ministrado por Dr. Weliton Barbosa Santos. \u00c0 tarde, ser\u00e1 realizado outro curso, sobre GRO\/NR 7, com Dr. Matheus Concolato de Ara\u00fajo.<\/p>\n<p><a href=\"https:\/\/www.youtube.com\/watch?v=swnc9wVfS5Y\"><strong>Acompanhe a cobertura do 21\u00ba Congresso Nacional ANAMT pelo YouTube, com entrevistas exclusivas com os congressistas<\/strong><\/a><\/p>\n<p>No evento, ainda ocorreu a confer\u00eancia magna ministrada pelo presidente da ANAMT, Dr. Francisco Cortes Fernandes, sobre A Import\u00e2ncia do Exame Ocupacional na Pr\u00e1tica da Medicina do Trabalho.<\/p>\n<p>Na apresenta\u00e7\u00e3o, Dr. Francisco destacou a import\u00e2ncia da realiza\u00e7\u00e3o bem feita do exame, visto que o mesmo \u00e9 um documento cient\u00edfico, m\u00e9dico \u00e9 legal, al\u00e9m de ser uma forma de conhecer as demandas dos trabalhadores e de coletar dados de sa\u00fade, que s\u00e3o fundamentais para avaliar as condi\u00e7\u00f5es de sa\u00fade, identificar fatores de risco e fazer interven\u00e7\u00f5es adequadas.<\/p>\n<p>O presidente tamb\u00e9m citou dados sobre as doen\u00e7as que causaram mais mortes em 2021, que indicam doen\u00e7as como covid-19, derrame, diabetes e doen\u00e7as cardiovasculares, indicador que pode contribuir para a ado\u00e7\u00e3o de medidas preventivas. Ainda sobre o exame, ele ressaltou a import\u00e2ncia de realiz\u00e1-lo com cuidado e comprometimento.\u00a0Dr. Francisco encerrou a apresenta\u00e7\u00e3o com uma homenagem ao Dr. H\u00e9lio Copelman e \u00e0 Dra. Jandira Dantas, m\u00e9dicos do trabalho falecidos em setembro.<\/p>\n<p><img decoding=\"async\" class=\"alignnone wp-image-50374 size-full\" src=\"https:\/\/www.anamt.org.br\/portal\/wp-content\/uploads\/2024\/09\/WhatsApp-Image-2024-09-30-at-09.46.24-e1727714356485.jpeg\" alt=\"\" width=\"700\" height=\"466\" \/><\/p>\n<p>Cr\u00e9dito: Ronaldo Almeida<\/p>\n<p>A apresenta\u00e7\u00e3o foi seguida pela confer\u00eancia da Dra. Elizabeth Dias sobre Compet\u00eancias Requeridas ao Exerc\u00edcio da Medicina do Trabalho: Perspectivas na Linha do Tempo. Inicialmente estabelecidas pela ANAMT em 2002 e com a \u00faltima revis\u00e3o em 2018, a palestrante explicou que uma nova revis\u00e3o ser\u00e1 realizada levando em considera\u00e7\u00e3o as mudan\u00e7as recentes relacionadas ao p\u00f3s Covid, momento que trouxe profundas mudan\u00e7as na sa\u00fade, no trabalho e no exerc\u00edcio da especialidade.<\/p>\n<p>Entre os temas que ser\u00e3o levados em considera\u00e7\u00e3o na revis\u00e3o das compet\u00eancias, est\u00e3o acidentes ampliados por conta das cat\u00e1strofes ambientais associadas \u00e0s atividades produtivas, emerg\u00eancias clim\u00e1ticas e epidemias de doen\u00e7as negligenciadas, como dengue e gripe H1N1. Nesse contexto, Dra. Elizabeth acrescentou que houve valoriza\u00e7\u00e3o do SUS e da especialidade.<\/p>\n<p>Para o uso das compet\u00eancias no exerc\u00edcio da Medicina do Trabalho, segundo Dra. Elizabeth, \u00e9 preciso aprender a conviver com a incerteza, ampliar e revisar criticamente o conceito de nexo adoecimento e trabalho, entre outros aspectos. Conhecer as novas formas de ocupa\u00e7\u00e3o e v\u00ednculos empregat\u00edcios tamb\u00e9m \u00e9 necess\u00e1rio.<\/p>\n<p>As apresenta\u00e7\u00f5es foram seguidas pela mesa redonda Sa\u00fade Mental nos Seguimentos Profissionais, com palestra de Dra. Ana Cl\u00e1udia F\u00e1vero, que falou sobre a sa\u00fade mental dos banc\u00e1rios. Ela destacou que os profissionais devem se sentir acolhidos pelos m\u00e9dicos do trabalho. Para abordar o tema entre a categoria, h\u00e1 medidas como psic\u00f3logos dispon\u00edveis nos ambulat\u00f3rios, apoio psic\u00f3logo a dist\u00e2ncia e webin\u00e1rios sobre o tema para os gestores, al\u00e9m da realiza\u00e7\u00e3o dos exames peri\u00f3dicos como ferramenta de rastreio.<\/p>\n<p>Dra. Andrea Silveira abordou a perspectiva sobre os profissionais de sa\u00fade, categoria que predominantemente registra casos de depress\u00e3o, ansiedade e suic\u00eddio. Entre os fatores de risco, est\u00e3o sobrecarga de trabalho, capacidade t\u00e9cnica limitada e precariza\u00e7\u00e3o de v\u00ednculos. A capacita\u00e7\u00e3o para realizar diagn\u00f3sticos em sa\u00fade mental e protocolos na \u00e1rea est\u00e3o entre as ferramentas que podem ser usadas.<\/p>\n<p>Dra. Sandra Maria Gasparini tratou da sa\u00fade mental dos professores. Ela lembrou que os transtornos mentais podem se manifestar em sintomas como fadiga, irritabilidade e dores musculares difusas, o que contribui para a complexidade do diagn\u00f3stico. Al\u00e9m disso, falta de apoio social e aumento da viol\u00eancia nas institui\u00e7\u00f5es escolares contribuem para esse contexto.<\/p>\n<p>Ainda foram realizadas mesas-redondas sobre Acidente de Trabalho e Mercado de Trabalho, seguidas pelo Simp\u00f3sio Sat\u00e9lite SME &#8211; Servi\u00e7os M\u00e9dicos Educacionais. Na apresenta\u00e7\u00e3o, Wallyson Soares, diretor de conhecimento do Departamento de Pesquisa e Inova\u00e7\u00e3o da SME, falou sobre o tema Gest\u00e3o da Fadiga dos Trabalhadores e Predi\u00e7\u00e3o de Risco com Avalia\u00e7\u00e3o Computadorizada.<\/p>\n<p>Ele explicou os conceitos de fadiga, que \u00e9 um estado de esgotamento com capacidade reduzida de trabalho, e fatores de propens\u00e3o, como ambientes insalubres e autorit\u00e1rios, menores sal\u00e1rios e falta de EPIs, al\u00e9m das diferen\u00e7as e semelhan\u00e7as com a depress\u00e3o. O palestrante explicou como o sistema propicia a realiza\u00e7\u00e3o de a\u00e7\u00f5es preditivas e preventivas.<\/p>\n","protected":false},"excerpt":{"rendered":"<p>A programa\u00e7\u00e3o cient\u00edfica do 21\u00ba Congresso Nacional ANAMT, que ocorre no Centro de Conven\u00e7\u00f5es e Eventos da Associa\u00e7\u00e3o M\u00e9dica de Minas Gerais (AMMG), em Belo Horizonte (MG), teve in\u00edcio nesta segunda (30) com o curso sobre \u2018Estabelecimento do nexo causal e concausa na avalia\u00e7\u00e3o do dano\u2019, ministrado por Dr. Weliton Barbosa Santos. \u00c0 tarde, ser\u00e1 [&hellip;]<\/p>\n","protected":false},"author":5,"featured_media":49632,"comment_status":"closed","ping_status":"closed","sticky":false,"template":"","format":"standard","meta":{"footnotes":""},"categories":[77],"tags":[],"_links":{"self":[{"href":"https:\/\/www.anamt.org.br\/portal\/wp-json\/wp\/v2\/posts\/50373"}],"collection":[{"href":"https:\/\/www.anamt.org.br\/portal\/wp-json\/wp\/v2\/posts"}],"about":[{"href":"https:\/\/www.anamt.org.br\/portal\/wp-json\/wp\/v2\/types\/post"}],"author":[{"embeddable":true,"href":"https:\/\/www.anamt.org.br\/portal\/wp-json\/wp\/v2\/users\/5"}],"replies":[{"embeddable":true,"href":"https:\/\/www.anamt.org.br\/portal\/wp-json\/wp\/v2\/comments?post=50373"}],"version-history":[{"count":2,"href":"https:\/\/www.anamt.org.br\/portal\/wp-json\/wp\/v2\/posts\/50373\/revisions"}],"predecessor-version":[{"id":50377,"href":"https:\/\/www.anamt.org.br\/portal\/wp-json\/wp\/v2\/posts\/50373\/revisions\/50377"}],"wp:featuredmedia":[{"embeddable":true,"href":"https:\/\/www.anamt.org.br\/portal\/wp-json\/wp\/v2\/media\/49632"}],"wp:attachment":[{"href":"https:\/\/www.anamt.org.br\/portal\/wp-json\/wp\/v2\/media?parent=50373"}],"wp:term":[{"taxonomy":"category","embeddable":true,"href":"https:\/\/www.anamt.org.br\/portal\/wp-json\/wp\/v2\/categories?post=50373"},{"taxonomy":"post_tag","embeddable":true,"href":"https:\/\/www.anamt.org.br\/portal\/wp-json\/wp\/v2\/tags?post=50373"}],"curies":[{"name":"wp","href":"https:\/\/api.w.org\/{rel}","templated":true}]}}