{"id":50366,"date":"2024-09-29T16:07:42","date_gmt":"2024-09-29T19:07:42","guid":{"rendered":"https:\/\/www.anamt.org.br\/portal\/?p=50366"},"modified":"2024-09-29T16:09:04","modified_gmt":"2024-09-29T19:09:04","slug":"53a-prova-de-titulo-de-especialista-anamt-aplica-exame-em-belo-horizonte-mg","status":"publish","type":"post","link":"https:\/\/www.anamt.org.br\/portal\/2024\/09\/29\/53a-prova-de-titulo-de-especialista-anamt-aplica-exame-em-belo-horizonte-mg\/","title":{"rendered":"53\u00aa Prova de T\u00edtulo de Especialista: ANAMT aplica exame em Belo Horizonte (MG)"},"content":{"rendered":"<p>A ANAMT aplicou neste domingo a 53\u00aa Prova de T\u00edtulo de Especialista em Medicina do Trabalho. O exame ocorreu no The One Eventos, em Belo Horizonte (MG). A prova, composta por uma parte te\u00f3rica e outra pr\u00e1tica, teve a participa\u00e7\u00e3o de 600 candidatos.<\/p>\n<p>O m\u00e9dico Paulo Ricardo realizou o exame e o considerou dif\u00edcil. A m\u00e9dica Mariana Ramos elogiou a prova pr\u00e1tica, que, segundo ela, abrangeu temas do dia a dia da especialidade.<\/p>\n<p>A prova aplicada foi a \u00fanica edi\u00e7\u00e3o realizada em 2024. As pr\u00f3ximas etapas da avalia\u00e7\u00e3o est\u00e3o descritas no edital do exame.<\/p>\n<p><img decoding=\"async\" class=\"aligncenter wp-image-50367 size-fusion-600\" src=\"https:\/\/www.anamt.org.br\/portal\/wp-content\/uploads\/2024\/09\/WhatsApp-Image-2024-09-29-at-09.44.18-600x457.jpeg\" alt=\"\" width=\"600\" height=\"457\" srcset=\"https:\/\/www.anamt.org.br\/portal\/wp-content\/uploads\/2024\/09\/WhatsApp-Image-2024-09-29-at-09.44.18-200x152.jpeg 200w, https:\/\/www.anamt.org.br\/portal\/wp-content\/uploads\/2024\/09\/WhatsApp-Image-2024-09-29-at-09.44.18-300x228.jpeg 300w, https:\/\/www.anamt.org.br\/portal\/wp-content\/uploads\/2024\/09\/WhatsApp-Image-2024-09-29-at-09.44.18-400x305.jpeg 400w, https:\/\/www.anamt.org.br\/portal\/wp-content\/uploads\/2024\/09\/WhatsApp-Image-2024-09-29-at-09.44.18-600x457.jpeg 600w, https:\/\/www.anamt.org.br\/portal\/wp-content\/uploads\/2024\/09\/WhatsApp-Image-2024-09-29-at-09.44.18-768x585.jpeg 768w, https:\/\/www.anamt.org.br\/portal\/wp-content\/uploads\/2024\/09\/WhatsApp-Image-2024-09-29-at-09.44.18.jpeg 800w\" sizes=\"(max-width: 600px) 100vw, 600px\" \/><\/p>\n","protected":false},"excerpt":{"rendered":"<p>A ANAMT aplicou neste domingo a 53\u00aa Prova de T\u00edtulo de Especialista em Medicina do Trabalho. O exame ocorreu no The One Eventos, em Belo Horizonte (MG). A prova, composta por uma parte te\u00f3rica e outra pr\u00e1tica, teve a participa\u00e7\u00e3o de 600 candidatos. O m\u00e9dico Paulo Ricardo realizou o exame e o considerou dif\u00edcil. A [&hellip;]<\/p>\n","protected":false},"author":5,"featured_media":50368,"comment_status":"closed","ping_status":"closed","sticky":false,"template":"","format":"standard","meta":{"footnotes":""},"categories":[77,8],"tags":[],"_links":{"self":[{"href":"https:\/\/www.anamt.org.br\/portal\/wp-json\/wp\/v2\/posts\/50366"}],"collection":[{"href":"https:\/\/www.anamt.org.br\/portal\/wp-json\/wp\/v2\/posts"}],"about":[{"href":"https:\/\/www.anamt.org.br\/portal\/wp-json\/wp\/v2\/types\/post"}],"author":[{"embeddable":true,"href":"https:\/\/www.anamt.org.br\/portal\/wp-json\/wp\/v2\/users\/5"}],"replies":[{"embeddable":true,"href":"https:\/\/www.anamt.org.br\/portal\/wp-json\/wp\/v2\/comments?post=50366"}],"version-history":[{"count":1,"href":"https:\/\/www.anamt.org.br\/portal\/wp-json\/wp\/v2\/posts\/50366\/revisions"}],"predecessor-version":[{"id":50369,"href":"https:\/\/www.anamt.org.br\/portal\/wp-json\/wp\/v2\/posts\/50366\/revisions\/50369"}],"wp:featuredmedia":[{"embeddable":true,"href":"https:\/\/www.anamt.org.br\/portal\/wp-json\/wp\/v2\/media\/50368"}],"wp:attachment":[{"href":"https:\/\/www.anamt.org.br\/portal\/wp-json\/wp\/v2\/media?parent=50366"}],"wp:term":[{"taxonomy":"category","embeddable":true,"href":"https:\/\/www.anamt.org.br\/portal\/wp-json\/wp\/v2\/categories?post=50366"},{"taxonomy":"post_tag","embeddable":true,"href":"https:\/\/www.anamt.org.br\/portal\/wp-json\/wp\/v2\/tags?post=50366"}],"curies":[{"name":"wp","href":"https:\/\/api.w.org\/{rel}","templated":true}]}}