{"id":50361,"date":"2024-09-24T09:58:02","date_gmt":"2024-09-24T12:58:02","guid":{"rendered":"https:\/\/www.anamt.org.br\/portal\/?p=50361"},"modified":"2024-09-24T09:58:02","modified_gmt":"2024-09-24T12:58:02","slug":"participantes-do-21o-congresso-nacional-anamt-poderao-participar-de-campanha-de-vacinacao","status":"publish","type":"post","link":"https:\/\/www.anamt.org.br\/portal\/2024\/09\/24\/participantes-do-21o-congresso-nacional-anamt-poderao-participar-de-campanha-de-vacinacao\/","title":{"rendered":"Participantes do 21\u00ba Congresso Nacional ANAMT poder\u00e3o participar de campanha de vacina\u00e7\u00e3o"},"content":{"rendered":"<p>A ANAMT, em parceria com a Drogaria Araujo, realizar\u00e1 uma campanha de vacina\u00e7\u00e3o durante o 21\u00ba Congresso ANAMT. Ser\u00e3o disponibilizadas vacinas contra Herpes Zoster, V\u00edrus Sincicial Respirat\u00f3rio e Influenza com condi\u00e7\u00f5es especiais.<\/p>\n<p>Para participar, \u00e9 preciso preencher <a href=\"https:\/\/docs.google.com\/forms\/d\/e\/1FAIpQLSfZL4dKTSEolFQUztdn4_Ywh1R4ujdVfPZVl08lOio2oLOQ5g\/viewform?pli=1\" target=\"_blank\" rel=\"noopener\"><strong>este formul\u00e1rio<\/strong><\/a>, onde tamb\u00e9m est\u00e3o dispon\u00edveis os pre\u00e7os de cada imunizante.<\/p>\n<p>O 21\u00ba Congresso Nacional ANAMT ocorrer\u00e1 em Belo Horizonte (MG) entre os dias 30 de setembro e 2 de outubro. Veja mais sobre a programa\u00e7\u00e3o no site <a href=\"http:\/\/congresso2024.anamt.org.br\/\" target=\"_blank\" rel=\"noopener\">http:\/\/congresso2024.anamt.org.br\/<\/a><\/p>\n","protected":false},"excerpt":{"rendered":"<p>A ANAMT, em parceria com a Drogaria Araujo, realizar\u00e1 uma campanha de vacina\u00e7\u00e3o durante o 21\u00ba Congresso ANAMT. Ser\u00e3o disponibilizadas vacinas contra Herpes Zoster, V\u00edrus Sincicial Respirat\u00f3rio e Influenza com condi\u00e7\u00f5es especiais. Para participar, \u00e9 preciso preencher este formul\u00e1rio, onde tamb\u00e9m est\u00e3o dispon\u00edveis os pre\u00e7os de cada imunizante. O 21\u00ba Congresso Nacional ANAMT ocorrer\u00e1 em [&hellip;]<\/p>\n","protected":false},"author":5,"featured_media":39933,"comment_status":"closed","ping_status":"closed","sticky":false,"template":"","format":"standard","meta":{"footnotes":""},"categories":[77,8],"tags":[],"_links":{"self":[{"href":"https:\/\/www.anamt.org.br\/portal\/wp-json\/wp\/v2\/posts\/50361"}],"collection":[{"href":"https:\/\/www.anamt.org.br\/portal\/wp-json\/wp\/v2\/posts"}],"about":[{"href":"https:\/\/www.anamt.org.br\/portal\/wp-json\/wp\/v2\/types\/post"}],"author":[{"embeddable":true,"href":"https:\/\/www.anamt.org.br\/portal\/wp-json\/wp\/v2\/users\/5"}],"replies":[{"embeddable":true,"href":"https:\/\/www.anamt.org.br\/portal\/wp-json\/wp\/v2\/comments?post=50361"}],"version-history":[{"count":2,"href":"https:\/\/www.anamt.org.br\/portal\/wp-json\/wp\/v2\/posts\/50361\/revisions"}],"predecessor-version":[{"id":50363,"href":"https:\/\/www.anamt.org.br\/portal\/wp-json\/wp\/v2\/posts\/50361\/revisions\/50363"}],"wp:featuredmedia":[{"embeddable":true,"href":"https:\/\/www.anamt.org.br\/portal\/wp-json\/wp\/v2\/media\/39933"}],"wp:attachment":[{"href":"https:\/\/www.anamt.org.br\/portal\/wp-json\/wp\/v2\/media?parent=50361"}],"wp:term":[{"taxonomy":"category","embeddable":true,"href":"https:\/\/www.anamt.org.br\/portal\/wp-json\/wp\/v2\/categories?post=50361"},{"taxonomy":"post_tag","embeddable":true,"href":"https:\/\/www.anamt.org.br\/portal\/wp-json\/wp\/v2\/tags?post=50361"}],"curies":[{"name":"wp","href":"https:\/\/api.w.org\/{rel}","templated":true}]}}