{"id":50351,"date":"2024-09-19T10:52:06","date_gmt":"2024-09-19T13:52:06","guid":{"rendered":"https:\/\/www.anamt.org.br\/portal\/?p=50351"},"modified":"2024-09-19T10:52:06","modified_gmt":"2024-09-19T13:52:06","slug":"nota-de-falecimento-dra-jandira-dantas","status":"publish","type":"post","link":"https:\/\/www.anamt.org.br\/portal\/2024\/09\/19\/nota-de-falecimento-dra-jandira-dantas\/","title":{"rendered":"Nota de falecimento \u2013 Dra. Jandira Dantas"},"content":{"rendered":"<p style=\"text-align: left;\"><img decoding=\"async\" class=\" wp-image-50352 alignleft\" src=\"https:\/\/www.anamt.org.br\/portal\/wp-content\/uploads\/2024\/09\/drajandira-296x300.png\" alt=\"\" width=\"236\" height=\"240\" srcset=\"https:\/\/www.anamt.org.br\/portal\/wp-content\/uploads\/2024\/09\/drajandira-66x66.png 66w, https:\/\/www.anamt.org.br\/portal\/wp-content\/uploads\/2024\/09\/drajandira-200x203.png 200w, https:\/\/www.anamt.org.br\/portal\/wp-content\/uploads\/2024\/09\/drajandira-296x300.png 296w, https:\/\/www.anamt.org.br\/portal\/wp-content\/uploads\/2024\/09\/drajandira-400x405.png 400w, https:\/\/www.anamt.org.br\/portal\/wp-content\/uploads\/2024\/09\/drajandira.png 532w\" sizes=\"(max-width: 236px) 100vw, 236px\" \/>Com imenso pesar, a ANAMT comunica o falecimento de Dra. Jandira Dantas. M\u00e9dica do trabalho, Dra. Jandira foi pioneira da especialidade no Norte e Nordeste do Brasil. Foi auditora fiscal do trabalho em Pernambuco, dirigiu a Divis\u00e3o de Seguran\u00e7a do Trabalho da antiga Delegacia Regional do Trabalho do estado, e foi m\u00e9dica do trabalho da Federa\u00e7\u00e3o das Ind\u00fastrias do Estado de Pernambuco. A Associa\u00e7\u00e3o manifesta suas condol\u00eancias e se solidariza com amigos, parentes e colegas de Dra. Jandira nesse momento dif\u00edcil.<\/p>\n","protected":false},"excerpt":{"rendered":"<p>Com imenso pesar, a ANAMT comunica o falecimento de Dra. Jandira Dantas. M\u00e9dica do trabalho, Dra. Jandira foi pioneira da especialidade no Norte e Nordeste do Brasil. Foi auditora fiscal do trabalho em Pernambuco, dirigiu a Divis\u00e3o de Seguran\u00e7a do Trabalho da antiga Delegacia Regional do Trabalho do estado, e foi m\u00e9dica do trabalho da [&hellip;]<\/p>\n","protected":false},"author":5,"featured_media":48298,"comment_status":"closed","ping_status":"closed","sticky":false,"template":"","format":"standard","meta":{"footnotes":""},"categories":[77,8],"tags":[],"_links":{"self":[{"href":"https:\/\/www.anamt.org.br\/portal\/wp-json\/wp\/v2\/posts\/50351"}],"collection":[{"href":"https:\/\/www.anamt.org.br\/portal\/wp-json\/wp\/v2\/posts"}],"about":[{"href":"https:\/\/www.anamt.org.br\/portal\/wp-json\/wp\/v2\/types\/post"}],"author":[{"embeddable":true,"href":"https:\/\/www.anamt.org.br\/portal\/wp-json\/wp\/v2\/users\/5"}],"replies":[{"embeddable":true,"href":"https:\/\/www.anamt.org.br\/portal\/wp-json\/wp\/v2\/comments?post=50351"}],"version-history":[{"count":1,"href":"https:\/\/www.anamt.org.br\/portal\/wp-json\/wp\/v2\/posts\/50351\/revisions"}],"predecessor-version":[{"id":50353,"href":"https:\/\/www.anamt.org.br\/portal\/wp-json\/wp\/v2\/posts\/50351\/revisions\/50353"}],"wp:featuredmedia":[{"embeddable":true,"href":"https:\/\/www.anamt.org.br\/portal\/wp-json\/wp\/v2\/media\/48298"}],"wp:attachment":[{"href":"https:\/\/www.anamt.org.br\/portal\/wp-json\/wp\/v2\/media?parent=50351"}],"wp:term":[{"taxonomy":"category","embeddable":true,"href":"https:\/\/www.anamt.org.br\/portal\/wp-json\/wp\/v2\/categories?post=50351"},{"taxonomy":"post_tag","embeddable":true,"href":"https:\/\/www.anamt.org.br\/portal\/wp-json\/wp\/v2\/tags?post=50351"}],"curies":[{"name":"wp","href":"https:\/\/api.w.org\/{rel}","templated":true}]}}