{"id":50338,"date":"2024-09-16T20:54:37","date_gmt":"2024-09-16T23:54:37","guid":{"rendered":"https:\/\/www.anamt.org.br\/portal\/?p=50338"},"modified":"2024-09-23T11:41:12","modified_gmt":"2024-09-23T14:41:12","slug":"anamt-divulga-edital-de-assembleia-geral-ordinaria-2","status":"publish","type":"post","link":"https:\/\/www.anamt.org.br\/portal\/2024\/09\/16\/anamt-divulga-edital-de-assembleia-geral-ordinaria-2\/","title":{"rendered":"ANAMT divulga edital de Assembleia Geral Ordin\u00e1ria"},"content":{"rendered":"<p>A ANAMT divulgou o edital da Assembleia Geral Ordin\u00e1ria da entidade e a lista de associados aptos a participarem da vota\u00e7\u00e3o que ocorrer\u00e1 na ocasi\u00e3o. A AGO ocorrer\u00e1 no dia 1\u00ba de outubro, no Centro de Conven\u00e7\u00f5es e Eventos da Associa\u00e7\u00e3o M\u00e9dica de Minas Gerais, das 18h30 \u00e0s 20h. Conforme o <a href=\"https:\/\/www.anamt.org.br\/portal\/wp-content\/uploads\/2024\/04\/03.-ANAMT_-_Estatuto_social_21.11.2023_R1__1_.pdf\" target=\"_blank\" rel=\"noopener\">estatuto da Associa\u00e7\u00e3o<\/a>, t\u00eam direito de voto na AGO os associados adimplentes titulares, efetivos e jubilados nessas mesmas categorias. Conforme o inciso X do artigo 10 do Estatuto, podem &#8220;Votar em suas Assembleias Gerais, e solicitar sua convoca\u00e7\u00e3o ap\u00f3s um ano de filia\u00e7\u00e3o nos termos deste estatuto&#8221;.<\/p>\n<p>Caso o seu nome n\u00e3o esteja na lista, entre em contato com a Secretaria da ANAMT pelo telefone (11) 3251-0849, pelo e-mail secretaria@anamt.org.br ou pelo Whatsapp (11) 95658-7462 para regularizar o cadastro com a ANAMT.<\/p>\n<p>Os documentos est\u00e3o dispon\u00edveis abaixo:<\/p>\n<ul>\n<li><a href=\"https:\/\/www.anamt.org.br\/portal\/wp-content\/uploads\/2024\/09\/ANAMT-Edital-de-Convocacao-2024-VF.pdf\" target=\"_blank\" rel=\"noopener\">Edital de convoca\u00e7\u00e3o da AGO<\/a><\/li>\n<li><a href=\"https:\/\/www.anamt.org.br\/portal\/wp-content\/uploads\/2024\/09\/LISTA-ASSOCIADOS-ADIMPLENTES-APROVADOSATE16092023-TIT-EFE-JUB-ASSEMBLEIA-2024-1372.pdf\" target=\"_blank\" rel=\"noopener\">Lista de Associados Aptos a Votar<\/a><\/li>\n<\/ul>\n","protected":false},"excerpt":{"rendered":"<p>A ANAMT divulgou o edital da Assembleia Geral Ordin\u00e1ria da entidade e a lista de associados aptos a participarem da vota\u00e7\u00e3o que ocorrer\u00e1 na ocasi\u00e3o. A AGO ocorrer\u00e1 no dia 1\u00ba de outubro, no Centro de Conven\u00e7\u00f5es e Eventos da Associa\u00e7\u00e3o M\u00e9dica de Minas Gerais, das 18h30 \u00e0s 20h. Conforme o estatuto da Associa\u00e7\u00e3o, t\u00eam [&hellip;]<\/p>\n","protected":false},"author":5,"featured_media":48293,"comment_status":"closed","ping_status":"closed","sticky":false,"template":"","format":"standard","meta":{"footnotes":""},"categories":[77,8],"tags":[],"_links":{"self":[{"href":"https:\/\/www.anamt.org.br\/portal\/wp-json\/wp\/v2\/posts\/50338"}],"collection":[{"href":"https:\/\/www.anamt.org.br\/portal\/wp-json\/wp\/v2\/posts"}],"about":[{"href":"https:\/\/www.anamt.org.br\/portal\/wp-json\/wp\/v2\/types\/post"}],"author":[{"embeddable":true,"href":"https:\/\/www.anamt.org.br\/portal\/wp-json\/wp\/v2\/users\/5"}],"replies":[{"embeddable":true,"href":"https:\/\/www.anamt.org.br\/portal\/wp-json\/wp\/v2\/comments?post=50338"}],"version-history":[{"count":3,"href":"https:\/\/www.anamt.org.br\/portal\/wp-json\/wp\/v2\/posts\/50338\/revisions"}],"predecessor-version":[{"id":50358,"href":"https:\/\/www.anamt.org.br\/portal\/wp-json\/wp\/v2\/posts\/50338\/revisions\/50358"}],"wp:featuredmedia":[{"embeddable":true,"href":"https:\/\/www.anamt.org.br\/portal\/wp-json\/wp\/v2\/media\/48293"}],"wp:attachment":[{"href":"https:\/\/www.anamt.org.br\/portal\/wp-json\/wp\/v2\/media?parent=50338"}],"wp:term":[{"taxonomy":"category","embeddable":true,"href":"https:\/\/www.anamt.org.br\/portal\/wp-json\/wp\/v2\/categories?post=50338"},{"taxonomy":"post_tag","embeddable":true,"href":"https:\/\/www.anamt.org.br\/portal\/wp-json\/wp\/v2\/tags?post=50338"}],"curies":[{"name":"wp","href":"https:\/\/api.w.org\/{rel}","templated":true}]}}