{"id":50328,"date":"2024-09-24T09:09:08","date_gmt":"2024-09-24T12:09:08","guid":{"rendered":"https:\/\/www.anamt.org.br\/portal\/?p=50328"},"modified":"2024-09-24T09:09:08","modified_gmt":"2024-09-24T12:09:08","slug":"anamt-realiza-53a-prova-de-titulo-de-especialista-no-dia-29-de-setembro-em-belo-horizonte-mg","status":"publish","type":"post","link":"https:\/\/www.anamt.org.br\/portal\/2024\/09\/24\/anamt-realiza-53a-prova-de-titulo-de-especialista-no-dia-29-de-setembro-em-belo-horizonte-mg\/","title":{"rendered":"ANAMT realiza 53\u00aa Prova de T\u00edtulo de Especialista no dia 29 de setembro, em Belo Horizonte (MG)"},"content":{"rendered":"<p>A poucos dias da 53\u00ba prova de T\u00edtulo de Especialista em Medicina do Trabalho, que ser\u00e1 no dia 29 de setembro, os candidatos precisam estar atentos ao hor\u00e1rio de entrada e \u00e0s demais normas do certame. O exame ser\u00e1 realizado no The One Eventos, na Avenida Raja Gab\u00e1glia, 1143, Luxemburgo, na capital mineira. As portas do local de prova ser\u00e3o abertas \u00e0s 8h e fechar\u00e3o \u00e0s 8h40. O certame inicia \u00e0s 9h e termina \u00e0s 14h.<\/p>\n<p>Segundo determina o <a href=\"https:\/\/www.anamt.org.br\/portal\/titulo-de-especialista-em-medicina-do-trabalho\/editais-provas-e-resultados\/\" target=\"_blank\" rel=\"noopener\">edital<\/a>, a dura\u00e7\u00e3o da prova objetiva te\u00f3rica ser\u00e1 de, no m\u00e1ximo, tr\u00eas horas. O tempo a seguir (at\u00e9 duas horas) ser\u00e1 para a prova objetiva pr\u00e1tica. Os candidatos dever\u00e3o comparecer ao local designado com uma hora de anteced\u00eancia. O exame ser\u00e1 realizado presencialmente em etapa \u00fanica, em ambiente digital, por meio de equipamento disponibilizado pela ANAMT.<\/p>\n<p>Documenta\u00e7\u00e3o<\/p>\n<p>Os candidatos dever\u00e3o apresentar documento original de identidade com foto. Ser\u00e3o aceitas carteiras expedidas pelos Comandos Militares, Secretarias de Seguran\u00e7a P\u00fablica e Institutos de Identifica\u00e7\u00e3o; carteiras expedidas pelos \u00f3rg\u00e3os fiscalizadores de exerc\u00edcio profissional; passaporte brasileiro; carteiras funcionais expedidas por \u00f3rg\u00e3o p\u00fablico que, por lei federal, valham como identidade; CNH &#8211; somente o modelo com foto.<\/p>\n<p>Itens n\u00e3o permitidos<\/p>\n<p>No dia do concurso, n\u00e3o ser\u00e1 permitida a entrada de candidatos na sala das provas com bolsas, malas ou mochilas. N\u00e3o haver\u00e1 local para guardar objetos n\u00e3o permitidos no dia da prova.<\/p>\n<p>O candidato receber\u00e1 um saco pl\u00e1stico apenas para armazenar dispositivos eletr\u00f4nicos. N\u00e3o ser\u00e1 permitida a entrada de aparelho telef\u00f4nico celular no local da prova, bem como quaisquer dispositivos eletr\u00f4nicos receptores e\/ou transmissores de dados e mensagens (como, por exemplo, Apple watch), sob nenhuma hip\u00f3tese.<\/p>\n<p>Alimenta\u00e7\u00e3o permitida<\/p>\n<p>Conforme as normas, o candidato poder\u00e1 levar os seguintes itens de alimenta\u00e7\u00e3o: barra de cereais, barras de chocolate, barra de frutas, castanhas secas e frutas descascadas, as quais dever\u00e3o ser acondicionadas em uma \u00fanica embalagem pl\u00e1stica transparente e depositada sobre a mesa. Ser\u00e1 fornecido, pela ANAMT, \u00e1gua mineral e n\u00e3o ser\u00e3o permitidos frascos com quaisquer outros l\u00edquidos.<\/p>\n<p>Candidatas Lactantes<\/p>\n<p>De acordo com o edital, a candidata que tiver a necessidade de amamentar durante a prova, uma vez solicitada previamente, ato da inscri\u00e7\u00e3o da Prova de T\u00edtulo, ter\u00e1 os seguintes protocolos:<\/p>\n<p>Nos hor\u00e1rios previstos para a amamenta\u00e7\u00e3o, a candidata lactante poder\u00e1 ausentar-se temporariamente da sala de prova, acompanhada de uma fiscal. A m\u00e3e ter\u00e1 o direito de proceder \u00e0 amamenta\u00e7\u00e3o a cada duas horas, por at\u00e9 trinta minutos, por filho. Durante o per\u00edodo de amamenta\u00e7\u00e3o, a m\u00e3e ser\u00e1 acompanhada por um fiscal.<\/p>\n<p>O tempo despendido na amamenta\u00e7\u00e3o ser\u00e1 compensado durante a realiza\u00e7\u00e3o da prova, em igual per\u00edodo, at\u00e9 o per\u00edodo m\u00e1ximo de uma hora. A crian\u00e7a dever\u00e1 ser acompanhada de adulto respons\u00e1vel por sua guarda (familiar ou terceiro indicado pela candidata) e permanecer em ambiente reservado. Importante observar que n\u00e3o havendo respons\u00e1vel pela guarda da crian\u00e7a, torna a candidata impossibilitada de realizar a prova, sendo considerada desistente.<\/p>\n<p>D\u00favidas sobre a Prova:<\/p>\n<p>Quem ainda tiver d\u00favidas sobre a prova para obten\u00e7\u00e3o do T\u00edtulo de Especialista em Medicina do Trabalho, o atendimento ser\u00e1 feito, exclusivamente, pelos seguintes canais oficiais: o e-mail: titulo@anamt.org.br; e s\u00edtio eletr\u00f4nico <a href=\"http:\/\/www.anamt.org.br\" target=\"_blank\" rel=\"noopener\">http:\/\/www.anamt.org.br<\/a>.<\/p>\n","protected":false},"excerpt":{"rendered":"<p>A poucos dias da 53\u00ba prova de T\u00edtulo de Especialista em Medicina do Trabalho, que ser\u00e1 no dia 29 de setembro, os candidatos precisam estar atentos ao hor\u00e1rio de entrada e \u00e0s demais normas do certame. O exame ser\u00e1 realizado no The One Eventos, na Avenida Raja Gab\u00e1glia, 1143, Luxemburgo, na capital mineira. As portas [&hellip;]<\/p>\n","protected":false},"author":5,"featured_media":48067,"comment_status":"closed","ping_status":"closed","sticky":false,"template":"","format":"standard","meta":{"footnotes":""},"categories":[77,8],"tags":[],"_links":{"self":[{"href":"https:\/\/www.anamt.org.br\/portal\/wp-json\/wp\/v2\/posts\/50328"}],"collection":[{"href":"https:\/\/www.anamt.org.br\/portal\/wp-json\/wp\/v2\/posts"}],"about":[{"href":"https:\/\/www.anamt.org.br\/portal\/wp-json\/wp\/v2\/types\/post"}],"author":[{"embeddable":true,"href":"https:\/\/www.anamt.org.br\/portal\/wp-json\/wp\/v2\/users\/5"}],"replies":[{"embeddable":true,"href":"https:\/\/www.anamt.org.br\/portal\/wp-json\/wp\/v2\/comments?post=50328"}],"version-history":[{"count":1,"href":"https:\/\/www.anamt.org.br\/portal\/wp-json\/wp\/v2\/posts\/50328\/revisions"}],"predecessor-version":[{"id":50329,"href":"https:\/\/www.anamt.org.br\/portal\/wp-json\/wp\/v2\/posts\/50328\/revisions\/50329"}],"wp:featuredmedia":[{"embeddable":true,"href":"https:\/\/www.anamt.org.br\/portal\/wp-json\/wp\/v2\/media\/48067"}],"wp:attachment":[{"href":"https:\/\/www.anamt.org.br\/portal\/wp-json\/wp\/v2\/media?parent=50328"}],"wp:term":[{"taxonomy":"category","embeddable":true,"href":"https:\/\/www.anamt.org.br\/portal\/wp-json\/wp\/v2\/categories?post=50328"},{"taxonomy":"post_tag","embeddable":true,"href":"https:\/\/www.anamt.org.br\/portal\/wp-json\/wp\/v2\/tags?post=50328"}],"curies":[{"name":"wp","href":"https:\/\/api.w.org\/{rel}","templated":true}]}}