{"id":50321,"date":"2024-09-10T11:29:45","date_gmt":"2024-09-10T14:29:45","guid":{"rendered":"https:\/\/www.anamt.org.br\/portal\/?p=50321"},"modified":"2024-09-10T11:29:45","modified_gmt":"2024-09-10T14:29:45","slug":"also-realiza-xix-congreso-latinoamericano-de-salud-ocupacional-also","status":"publish","type":"post","link":"https:\/\/www.anamt.org.br\/portal\/2024\/09\/10\/also-realiza-xix-congreso-latinoamericano-de-salud-ocupacional-also\/","title":{"rendered":"ALSO realiza XIX Congreso Latinoamericano de Salud Ocupacional ALSO"},"content":{"rendered":"<p><img decoding=\"async\" class=\"aligncenter wp-image-50322 size-fusion-600\" src=\"https:\/\/www.anamt.org.br\/portal\/wp-content\/uploads\/2024\/09\/WhatsApp-Image-2024-09-10-at-10.42.09-600x849.jpeg\" alt=\"\" width=\"600\" height=\"849\" srcset=\"https:\/\/www.anamt.org.br\/portal\/wp-content\/uploads\/2024\/09\/WhatsApp-Image-2024-09-10-at-10.42.09-200x283.jpeg 200w, https:\/\/www.anamt.org.br\/portal\/wp-content\/uploads\/2024\/09\/WhatsApp-Image-2024-09-10-at-10.42.09-212x300.jpeg 212w, https:\/\/www.anamt.org.br\/portal\/wp-content\/uploads\/2024\/09\/WhatsApp-Image-2024-09-10-at-10.42.09-400x566.jpeg 400w, https:\/\/www.anamt.org.br\/portal\/wp-content\/uploads\/2024\/09\/WhatsApp-Image-2024-09-10-at-10.42.09-600x849.jpeg 600w, https:\/\/www.anamt.org.br\/portal\/wp-content\/uploads\/2024\/09\/WhatsApp-Image-2024-09-10-at-10.42.09-724x1024.jpeg 724w, https:\/\/www.anamt.org.br\/portal\/wp-content\/uploads\/2024\/09\/WhatsApp-Image-2024-09-10-at-10.42.09-768x1087.jpeg 768w, https:\/\/www.anamt.org.br\/portal\/wp-content\/uploads\/2024\/09\/WhatsApp-Image-2024-09-10-at-10.42.09-800x1132.jpeg 800w, https:\/\/www.anamt.org.br\/portal\/wp-content\/uploads\/2024\/09\/WhatsApp-Image-2024-09-10-at-10.42.09.jpeg 1080w\" sizes=\"(max-width: 600px) 100vw, 600px\" \/><\/p>\n<p>A Asociaci\u00f3n Latinoamericana de Salud Ocupacional (ALSO) realizar\u00e1, em Guadalajara (M\u00e9xico), entre os dias 17 e 20 de setembro, o XIX Congreso Latinoamericano de Salud Ocupacional ALSO e o XXIX Congresso Nacional de Salud en el Trabajo. Este m\u00eas, as inscri\u00e7\u00f5es no evento est\u00e3o com condi\u00e7\u00f5es diferenciadas.<\/p>\n<p>Mais informa\u00e7\u00f5es e inscri\u00e7\u00f5es est\u00e3o dispon\u00edveis no site da entidade: <a href=\"https:\/\/alsolac.org\/congreso\/\" target=\"_blank\" rel=\"noopener\">https:\/\/alsolac.org\/congreso\/<\/a><\/p>\n","protected":false},"excerpt":{"rendered":"<p>A Asociaci\u00f3n Latinoamericana de Salud Ocupacional (ALSO) realizar\u00e1, em Guadalajara (M\u00e9xico), entre os dias 17 e 20 de setembro, o XIX Congreso Latinoamericano de Salud Ocupacional ALSO e o XXIX Congresso Nacional de Salud en el Trabajo. Este m\u00eas, as inscri\u00e7\u00f5es no evento est\u00e3o com condi\u00e7\u00f5es diferenciadas. Mais informa\u00e7\u00f5es e inscri\u00e7\u00f5es est\u00e3o dispon\u00edveis no site [&hellip;]<\/p>\n","protected":false},"author":5,"featured_media":50323,"comment_status":"closed","ping_status":"closed","sticky":false,"template":"","format":"standard","meta":{"footnotes":""},"categories":[77,8],"tags":[],"_links":{"self":[{"href":"https:\/\/www.anamt.org.br\/portal\/wp-json\/wp\/v2\/posts\/50321"}],"collection":[{"href":"https:\/\/www.anamt.org.br\/portal\/wp-json\/wp\/v2\/posts"}],"about":[{"href":"https:\/\/www.anamt.org.br\/portal\/wp-json\/wp\/v2\/types\/post"}],"author":[{"embeddable":true,"href":"https:\/\/www.anamt.org.br\/portal\/wp-json\/wp\/v2\/users\/5"}],"replies":[{"embeddable":true,"href":"https:\/\/www.anamt.org.br\/portal\/wp-json\/wp\/v2\/comments?post=50321"}],"version-history":[{"count":1,"href":"https:\/\/www.anamt.org.br\/portal\/wp-json\/wp\/v2\/posts\/50321\/revisions"}],"predecessor-version":[{"id":50324,"href":"https:\/\/www.anamt.org.br\/portal\/wp-json\/wp\/v2\/posts\/50321\/revisions\/50324"}],"wp:featuredmedia":[{"embeddable":true,"href":"https:\/\/www.anamt.org.br\/portal\/wp-json\/wp\/v2\/media\/50323"}],"wp:attachment":[{"href":"https:\/\/www.anamt.org.br\/portal\/wp-json\/wp\/v2\/media?parent=50321"}],"wp:term":[{"taxonomy":"category","embeddable":true,"href":"https:\/\/www.anamt.org.br\/portal\/wp-json\/wp\/v2\/categories?post=50321"},{"taxonomy":"post_tag","embeddable":true,"href":"https:\/\/www.anamt.org.br\/portal\/wp-json\/wp\/v2\/tags?post=50321"}],"curies":[{"name":"wp","href":"https:\/\/api.w.org\/{rel}","templated":true}]}}