{"id":50311,"date":"2024-09-06T08:21:00","date_gmt":"2024-09-06T11:21:00","guid":{"rendered":"https:\/\/www.anamt.org.br\/portal\/?p=50311"},"modified":"2024-09-06T08:21:00","modified_gmt":"2024-09-06T11:21:00","slug":"21o-congresso-nacional-anamt-evento-recebeu-aproximadamente-130-trabalhos-cientificos-e-ergonomia-cognitiva-e-destaque-entre-os-temas","status":"publish","type":"post","link":"https:\/\/www.anamt.org.br\/portal\/2024\/09\/06\/21o-congresso-nacional-anamt-evento-recebeu-aproximadamente-130-trabalhos-cientificos-e-ergonomia-cognitiva-e-destaque-entre-os-temas\/","title":{"rendered":"21\u00ba Congresso Nacional ANAMT: evento recebeu aproximadamente 130 trabalhos cient\u00edficos e ergonomia cognitiva \u00e9 destaque entre os temas"},"content":{"rendered":"<p>O 21\u00ba Congresso Nacional da ANAMT, a ser realizado de 30 de setembro a 2 de outubro, em Belo Horizonte (MG), recebeu aproximadamente 130 trabalhos cient\u00edficos. Do total, cerca de cem foram aprovados pela comiss\u00e3o avaliadora e desses, ser\u00e3o selecionados dez trabalhos entre os e-p\u00f4sters, para apresenta\u00e7\u00e3o oral no evento, quando uma comiss\u00e3o cient\u00edfica premiar\u00e1 os tr\u00eas melhores, destacou a Dra. Paula Moreira, coordenadora da Comiss\u00e3o Cient\u00edfica do Congresso.<\/p>\n<p>Os dez trabalhos selecionados para apresenta\u00e7\u00e3o oral ser\u00e3o apresentados no dia 1\u00ba de outubro. &#8220;Os e-p\u00f4ster, que s\u00e3o os p\u00f4sters eletr\u00f4nicos, ficar\u00e3o em exposi\u00e7\u00e3o todos os dias do Congresso, em uma \u00e1rea privilegiada junto ao Parque de Exposi\u00e7\u00e3o. Muito vis\u00edvel e acess\u00edvel&#8221;, ressaltou Dra. Paula.<\/p>\n<p>Segundo explicou, os totens s\u00e3o f\u00e1ceis de manusear. Os congressistas podem acessar facilmente e salv\u00e1-los em seus celulares atrav\u00e9s de QR-Code. S\u00e3o trabalhos bem elaborados, auto explicativos, que trazem inova\u00e7\u00f5es com a participa\u00e7\u00e3o de autores de diversas \u00e1reas do conhecimento, como educa\u00e7\u00e3o f\u00edsica, fisioterapia, psicologia, odontologia, nutri\u00e7\u00e3o, assist\u00eancia social, fonoaudiologia, al\u00e9m da medicina, entre outros.<\/p>\n<p>Como em outras edi\u00e7\u00f5es do Congresso, a comiss\u00e3o cient\u00edfica recebeu trabalhos de autores estrangeiros, como explica Dra. Paula Moreira. &#8220;Este ano, recebemos muitos autores da Universidade Cat\u00f3lica da Argentina&#8221;, pontuou.<\/p>\n<p>Ergonomia Cognitiva foi um dos temas mais recorrentes desta edi\u00e7\u00e3o, como informou a coordenadora da Comiss\u00e3o Cient\u00edfica. &#8220;\u00c9 um tema de grande import\u00e2ncia para a quest\u00e3o da qualidade de vida no trabalho, seja ele trabalho formal ou informal&#8221;, observou.<\/p>\n","protected":false},"excerpt":{"rendered":"<p>O 21\u00ba Congresso Nacional da ANAMT, a ser realizado de 30 de setembro a 2 de outubro, em Belo Horizonte (MG), recebeu aproximadamente 130 trabalhos cient\u00edficos. Do total, cerca de cem foram aprovados pela comiss\u00e3o avaliadora e desses, ser\u00e3o selecionados dez trabalhos entre os e-p\u00f4sters, para apresenta\u00e7\u00e3o oral no evento, quando uma comiss\u00e3o cient\u00edfica premiar\u00e1 [&hellip;]<\/p>\n","protected":false},"author":5,"featured_media":49632,"comment_status":"closed","ping_status":"closed","sticky":false,"template":"","format":"standard","meta":{"footnotes":""},"categories":[77,8],"tags":[],"_links":{"self":[{"href":"https:\/\/www.anamt.org.br\/portal\/wp-json\/wp\/v2\/posts\/50311"}],"collection":[{"href":"https:\/\/www.anamt.org.br\/portal\/wp-json\/wp\/v2\/posts"}],"about":[{"href":"https:\/\/www.anamt.org.br\/portal\/wp-json\/wp\/v2\/types\/post"}],"author":[{"embeddable":true,"href":"https:\/\/www.anamt.org.br\/portal\/wp-json\/wp\/v2\/users\/5"}],"replies":[{"embeddable":true,"href":"https:\/\/www.anamt.org.br\/portal\/wp-json\/wp\/v2\/comments?post=50311"}],"version-history":[{"count":2,"href":"https:\/\/www.anamt.org.br\/portal\/wp-json\/wp\/v2\/posts\/50311\/revisions"}],"predecessor-version":[{"id":50316,"href":"https:\/\/www.anamt.org.br\/portal\/wp-json\/wp\/v2\/posts\/50311\/revisions\/50316"}],"wp:featuredmedia":[{"embeddable":true,"href":"https:\/\/www.anamt.org.br\/portal\/wp-json\/wp\/v2\/media\/49632"}],"wp:attachment":[{"href":"https:\/\/www.anamt.org.br\/portal\/wp-json\/wp\/v2\/media?parent=50311"}],"wp:term":[{"taxonomy":"category","embeddable":true,"href":"https:\/\/www.anamt.org.br\/portal\/wp-json\/wp\/v2\/categories?post=50311"},{"taxonomy":"post_tag","embeddable":true,"href":"https:\/\/www.anamt.org.br\/portal\/wp-json\/wp\/v2\/tags?post=50311"}],"curies":[{"name":"wp","href":"https:\/\/api.w.org\/{rel}","templated":true}]}}