{"id":50309,"date":"2024-09-03T15:00:19","date_gmt":"2024-09-03T18:00:19","guid":{"rendered":"https:\/\/www.anamt.org.br\/portal\/?p=50309"},"modified":"2024-09-03T15:00:19","modified_gmt":"2024-09-03T18:00:19","slug":"comunicado-forum-virtual-anamt-anamt-es","status":"publish","type":"post","link":"https:\/\/www.anamt.org.br\/portal\/2024\/09\/03\/comunicado-forum-virtual-anamt-anamt-es\/","title":{"rendered":"Comunicado &#8211; F\u00f3rum Virtual ANAMT\/ANAMT-ES"},"content":{"rendered":"<p>Inicialmente agendado para setembro, o F\u00f3rum Virtual ANAMT\/ANAMT-ES, sobre Sa\u00fade Mental &#8211; Preven\u00e7\u00e3o, Diagn\u00f3stico e Tratamento dos Transtornos Mentais foi adiado e ser\u00e1 realizado nos dias 14 e 15 de mar\u00e7o de 2025.<\/p>\n<p>Em caso de d\u00favidas, os inscritos podem entrar em contato com a ANAMT pelo e-mail secretaria@anamt.org.br.<\/p>\n","protected":false},"excerpt":{"rendered":"<p>Inicialmente agendado para setembro, o F\u00f3rum Virtual ANAMT\/ANAMT-ES, sobre Sa\u00fade Mental &#8211; Preven\u00e7\u00e3o, Diagn\u00f3stico e Tratamento dos Transtornos Mentais foi adiado e ser\u00e1 realizado nos dias 14 e 15 de mar\u00e7o de 2025. Em caso de d\u00favidas, os inscritos podem entrar em contato com a ANAMT pelo e-mail secretaria@anamt.org.br.<\/p>\n","protected":false},"author":5,"featured_media":48293,"comment_status":"closed","ping_status":"closed","sticky":false,"template":"","format":"standard","meta":{"footnotes":""},"categories":[77,8],"tags":[],"_links":{"self":[{"href":"https:\/\/www.anamt.org.br\/portal\/wp-json\/wp\/v2\/posts\/50309"}],"collection":[{"href":"https:\/\/www.anamt.org.br\/portal\/wp-json\/wp\/v2\/posts"}],"about":[{"href":"https:\/\/www.anamt.org.br\/portal\/wp-json\/wp\/v2\/types\/post"}],"author":[{"embeddable":true,"href":"https:\/\/www.anamt.org.br\/portal\/wp-json\/wp\/v2\/users\/5"}],"replies":[{"embeddable":true,"href":"https:\/\/www.anamt.org.br\/portal\/wp-json\/wp\/v2\/comments?post=50309"}],"version-history":[{"count":1,"href":"https:\/\/www.anamt.org.br\/portal\/wp-json\/wp\/v2\/posts\/50309\/revisions"}],"predecessor-version":[{"id":50310,"href":"https:\/\/www.anamt.org.br\/portal\/wp-json\/wp\/v2\/posts\/50309\/revisions\/50310"}],"wp:featuredmedia":[{"embeddable":true,"href":"https:\/\/www.anamt.org.br\/portal\/wp-json\/wp\/v2\/media\/48293"}],"wp:attachment":[{"href":"https:\/\/www.anamt.org.br\/portal\/wp-json\/wp\/v2\/media?parent=50309"}],"wp:term":[{"taxonomy":"category","embeddable":true,"href":"https:\/\/www.anamt.org.br\/portal\/wp-json\/wp\/v2\/categories?post=50309"},{"taxonomy":"post_tag","embeddable":true,"href":"https:\/\/www.anamt.org.br\/portal\/wp-json\/wp\/v2\/tags?post=50309"}],"curies":[{"name":"wp","href":"https:\/\/api.w.org\/{rel}","templated":true}]}}