{"id":50301,"date":"2024-08-28T11:35:04","date_gmt":"2024-08-28T14:35:04","guid":{"rendered":"https:\/\/www.anamt.org.br\/portal\/?p=50301"},"modified":"2024-08-29T11:43:08","modified_gmt":"2024-08-29T14:43:08","slug":"medica-de-roraima-sofre-acidente-de-trabalho-fatal-ao-transportar-paciente-em-ambulancia","status":"publish","type":"post","link":"https:\/\/www.anamt.org.br\/portal\/2024\/08\/28\/medica-de-roraima-sofre-acidente-de-trabalho-fatal-ao-transportar-paciente-em-ambulancia\/","title":{"rendered":"M\u00e9dica de Roraima sofre acidente de trabalho fatal ao transportar paciente em ambul\u00e2ncia"},"content":{"rendered":"<p>A m\u00e9dica Aline Portela Barros, do Hospital Estadual D\u00e9lio Tupinamb\u00e1, em Pacaraima (RR), foi v\u00edtima de um acidente de trabalho fatal na \u00faltima ter\u00e7a-feira (27). Ela estava acompanhando a transfer\u00eancia de uma mulher gr\u00e1vida quando a ambul\u00e2ncia em que estavam saiu da pista e capotou. Duas pessoas morreram e tr\u00eas ficaram feridas no acidente.<\/p>\n<p>A Associa\u00e7\u00e3o Nacional de Medicina do Trabalho (ANAMT) presta condol\u00eancias \u00e0 fam\u00edlia da v\u00edtima e lamenta profundamente a perda. Dra. Regina Cl\u00e1udia Rebou\u00e7as, Vice-Presidente Regi\u00e3o Norte da ANAMT, solidariza-se:<\/p>\n<p>\u201cA Dra. Aline Portela foi uma profissional que buscava realizar suas atividades da melhor forma poss\u00edvel; muito querida pelos colegas m\u00e9dicos, equipe de trabalho e principalmente por seus pacientes. Nos solidarizamos com a dor da fam\u00edlia e que nenhuma outra fam\u00edlia sofra com a perda de seus familiares por causa de acidentes de trabalho e no tr\u00e2nsito\u201d.<\/p>\n","protected":false},"excerpt":{"rendered":"<p>A m\u00e9dica Aline Portela Barros, do Hospital Estadual D\u00e9lio Tupinamb\u00e1, em Pacaraima (RR), foi v\u00edtima de um acidente de trabalho fatal na \u00faltima ter\u00e7a-feira (27). Ela estava acompanhando a transfer\u00eancia de uma mulher gr\u00e1vida quando a ambul\u00e2ncia em que estavam saiu da pista e capotou. Duas pessoas morreram e tr\u00eas ficaram feridas no acidente. A [&hellip;]<\/p>\n","protected":false},"author":5,"featured_media":48293,"comment_status":"closed","ping_status":"closed","sticky":false,"template":"","format":"standard","meta":{"footnotes":""},"categories":[77,8],"tags":[],"_links":{"self":[{"href":"https:\/\/www.anamt.org.br\/portal\/wp-json\/wp\/v2\/posts\/50301"}],"collection":[{"href":"https:\/\/www.anamt.org.br\/portal\/wp-json\/wp\/v2\/posts"}],"about":[{"href":"https:\/\/www.anamt.org.br\/portal\/wp-json\/wp\/v2\/types\/post"}],"author":[{"embeddable":true,"href":"https:\/\/www.anamt.org.br\/portal\/wp-json\/wp\/v2\/users\/5"}],"replies":[{"embeddable":true,"href":"https:\/\/www.anamt.org.br\/portal\/wp-json\/wp\/v2\/comments?post=50301"}],"version-history":[{"count":1,"href":"https:\/\/www.anamt.org.br\/portal\/wp-json\/wp\/v2\/posts\/50301\/revisions"}],"predecessor-version":[{"id":50302,"href":"https:\/\/www.anamt.org.br\/portal\/wp-json\/wp\/v2\/posts\/50301\/revisions\/50302"}],"wp:featuredmedia":[{"embeddable":true,"href":"https:\/\/www.anamt.org.br\/portal\/wp-json\/wp\/v2\/media\/48293"}],"wp:attachment":[{"href":"https:\/\/www.anamt.org.br\/portal\/wp-json\/wp\/v2\/media?parent=50301"}],"wp:term":[{"taxonomy":"category","embeddable":true,"href":"https:\/\/www.anamt.org.br\/portal\/wp-json\/wp\/v2\/categories?post=50301"},{"taxonomy":"post_tag","embeddable":true,"href":"https:\/\/www.anamt.org.br\/portal\/wp-json\/wp\/v2\/tags?post=50301"}],"curies":[{"name":"wp","href":"https:\/\/api.w.org\/{rel}","templated":true}]}}