{"id":50298,"date":"2024-08-23T17:44:43","date_gmt":"2024-08-23T20:44:43","guid":{"rendered":"https:\/\/www.anamt.org.br\/portal\/?p=50298"},"modified":"2024-08-23T17:44:43","modified_gmt":"2024-08-23T20:44:43","slug":"nota-de-falecimento-dr-mario-jose-azambuja-dias-fernandes","status":"publish","type":"post","link":"https:\/\/www.anamt.org.br\/portal\/2024\/08\/23\/nota-de-falecimento-dr-mario-jose-azambuja-dias-fernandes\/","title":{"rendered":"Nota de falecimento &#8211; Dr. Mario Jos\u00e9 Azambuja Dias Fernandes"},"content":{"rendered":"<p><img decoding=\"async\" class=\"size-full wp-image-50299 alignleft\" src=\"https:\/\/www.anamt.org.br\/portal\/wp-content\/uploads\/2024\/08\/drmariojose.png\" alt=\"\" width=\"103\" height=\"131\" \/>Com imenso pesar, a ANAMT comunica o falecimento do m\u00e9dico do trabalho Dr. Mario Jos\u00e9 Azambuja Dias Fernandes, ex-presidente (1994-1995) da Sociedade Ga\u00facha de Medicina do Trabalho (SOGAMT), federada da ANAMT no Rio Grande do Sul, onde tamb\u00e9m foi secret\u00e1rio de Assist\u00eancia e Previd\u00eancia, secret\u00e1rio de Assuntos Extraordin\u00e1rios, secret\u00e1rio Cient\u00edfico, diretor Administrativo e diretor de Normas. A Associa\u00e7\u00e3o manifesta suas condol\u00eancias e se solidariza com amigos, parentes e colegas de Dr. Mario nesse momento dif\u00edcil.<\/p>\n","protected":false},"excerpt":{"rendered":"<p>Com imenso pesar, a ANAMT comunica o falecimento do m\u00e9dico do trabalho Dr. Mario Jos\u00e9 Azambuja Dias Fernandes, ex-presidente (1994-1995) da Sociedade Ga\u00facha de Medicina do Trabalho (SOGAMT), federada da ANAMT no Rio Grande do Sul, onde tamb\u00e9m foi secret\u00e1rio de Assist\u00eancia e Previd\u00eancia, secret\u00e1rio de Assuntos Extraordin\u00e1rios, secret\u00e1rio Cient\u00edfico, diretor Administrativo e diretor de [&hellip;]<\/p>\n","protected":false},"author":5,"featured_media":48298,"comment_status":"closed","ping_status":"closed","sticky":false,"template":"","format":"standard","meta":{"footnotes":""},"categories":[77,8],"tags":[],"_links":{"self":[{"href":"https:\/\/www.anamt.org.br\/portal\/wp-json\/wp\/v2\/posts\/50298"}],"collection":[{"href":"https:\/\/www.anamt.org.br\/portal\/wp-json\/wp\/v2\/posts"}],"about":[{"href":"https:\/\/www.anamt.org.br\/portal\/wp-json\/wp\/v2\/types\/post"}],"author":[{"embeddable":true,"href":"https:\/\/www.anamt.org.br\/portal\/wp-json\/wp\/v2\/users\/5"}],"replies":[{"embeddable":true,"href":"https:\/\/www.anamt.org.br\/portal\/wp-json\/wp\/v2\/comments?post=50298"}],"version-history":[{"count":1,"href":"https:\/\/www.anamt.org.br\/portal\/wp-json\/wp\/v2\/posts\/50298\/revisions"}],"predecessor-version":[{"id":50300,"href":"https:\/\/www.anamt.org.br\/portal\/wp-json\/wp\/v2\/posts\/50298\/revisions\/50300"}],"wp:featuredmedia":[{"embeddable":true,"href":"https:\/\/www.anamt.org.br\/portal\/wp-json\/wp\/v2\/media\/48298"}],"wp:attachment":[{"href":"https:\/\/www.anamt.org.br\/portal\/wp-json\/wp\/v2\/media?parent=50298"}],"wp:term":[{"taxonomy":"category","embeddable":true,"href":"https:\/\/www.anamt.org.br\/portal\/wp-json\/wp\/v2\/categories?post=50298"},{"taxonomy":"post_tag","embeddable":true,"href":"https:\/\/www.anamt.org.br\/portal\/wp-json\/wp\/v2\/tags?post=50298"}],"curies":[{"name":"wp","href":"https:\/\/api.w.org\/{rel}","templated":true}]}}