{"id":50275,"date":"2024-08-14T17:17:15","date_gmt":"2024-08-14T20:17:15","guid":{"rendered":"https:\/\/www.anamt.org.br\/portal\/?p=50275"},"modified":"2024-08-14T17:17:15","modified_gmt":"2024-08-14T20:17:15","slug":"paises-das-americas-devem-fortalecer-a-vigilancia-de-mpox-em-face-da-possivel-disseminacao-de-uma-nova-variante-detectada-na-regiao-da-africa-afirma-opas","status":"publish","type":"post","link":"https:\/\/www.anamt.org.br\/portal\/2024\/08\/14\/paises-das-americas-devem-fortalecer-a-vigilancia-de-mpox-em-face-da-possivel-disseminacao-de-uma-nova-variante-detectada-na-regiao-da-africa-afirma-opas\/","title":{"rendered":"Pa\u00edses das Am\u00e9ricas devem fortalecer a vigil\u00e2ncia de mpox em face da poss\u00edvel dissemina\u00e7\u00e3o de uma nova variante detectada na regi\u00e3o da \u00c1frica, afirma OPAS"},"content":{"rendered":"<p>Em alerta epidemiol\u00f3gico divulgado em 8 de agosto, a Organiza\u00e7\u00e3o Pan-Americana da Sa\u00fade (OPAS) chamou a aten\u00e7\u00e3o dos pa\u00edses das Am\u00e9ricas para fortalecerem a vigil\u00e2ncia, incluindo a detec\u00e7\u00e3o laboratorial e o sequenciamento gen\u00f4mico dos casos confirmados, ap\u00f3s a identifica\u00e7\u00e3o de uma nova variante do v\u00edrus da mpox, Clado I (Clado Ib), na regi\u00e3o da \u00c1frica Subsaariana. Embora a nova variante n\u00e3o tenha sido notificada nas Am\u00e9ricas, os pa\u00edses devem permanecer alertas para poss\u00edveis casos importados.<\/p>\n<p>A nova variante est\u00e1 associada a uma transmiss\u00e3o sustentada, bem como \u00e0 ocorr\u00eancia de casos em uma faixa et\u00e1ria mais ampla do que em surtos anteriores, incluindo crian\u00e7as. Estima-se que tenha surgido na Rep\u00fablica Democr\u00e1tica do Congo em setembro de 2023 e est\u00e1 associada a um aumento significativo de casos no pa\u00eds.<\/p>\n<p>Mpox \u00e9 uma doen\u00e7a viral causada pelo v\u00edrus de mesmo nome, uma esp\u00e9cie do g\u00eanero Orthopoxvirus. Existem dois clados diferentes: clado I e clado II. Os sintomas incluem febre, dor de cabe\u00e7a intensa, dores musculares, dores nas costas, baixa energia, linfonodos inchados e erup\u00e7\u00f5es cut\u00e2neas ou les\u00f5es mucosas. A erup\u00e7\u00e3o tende a se concentrar no rosto, nas palmas das m\u00e3os e nas solas dos p\u00e9s, mas tamb\u00e9m pode ser encontrada na boca, regi\u00e3o anogenital e olhos. Os sintomas geralmente duram entre 2 a 4 semanas e desaparecem sozinhos sem tratamento.<\/p>\n<p>Desde o in\u00edcio de 2024 (at\u00e9 26 de julho de 2024), o Minist\u00e9rio da Sa\u00fade da Rep\u00fablica Democr\u00e1tica do Congo relatou 14.479 casos de mpox e 455 mortes. De acordo com o relat\u00f3rio, &#8220;o n\u00famero de casos relatados nos primeiros seis meses deste ano corresponde ao n\u00famero relatado em todo o ano passado&#8221;. Crian\u00e7as menores de 15 anos representaram 66% dos casos e 82% das mortes. Casos da nova variante tamb\u00e9m foram notificados em Ruanda, Uganda e Qu\u00eania. Testes est\u00e3o em andamento no Burundi para determinar se os casos relatados naquele pa\u00eds s\u00e3o devido \u00e0 nova variante.<\/p>\n<p>Como resultado do aumento dos casos, em 7 de agosto, o diretor-geral da Organiza\u00e7\u00e3o Mundial da Sa\u00fade (OMS), Tedros Adhanom Ghebreyesus, anunciou que convocar\u00e1 um painel de especialistas para aconselh\u00e1-lo sobre se o surto em expans\u00e3o constitui uma emerg\u00eancia de sa\u00fade p\u00fablica de import\u00e2ncia internacional.<\/p>\n<p>Embora n\u00e3o tenham sido notificados casos da nova variante nas Am\u00e9ricas, a OPAS recomenda que os pa\u00edses das Am\u00e9ricas permane\u00e7am vigilantes quanto \u00e0 possibilidade de introdu\u00e7\u00e3o na regi\u00e3o.<\/p>\n<p>Nas Am\u00e9ricas, 62.752 casos de mpox foram reportados por 31 pa\u00edses e territ\u00f3rios entre 2022 e 1\u00ba de julho de 2024, incluindo 141 mortes. At\u00e9 o momento, apenas o clado II foi detectado na regi\u00e3o. A maioria dos casos foi identificada por meio de servi\u00e7os de atendimento a pacientes com HIV, servi\u00e7os de sa\u00fade sexual ou instala\u00e7\u00f5es de cuidados prim\u00e1rios de sa\u00fade e envolveu principalmente, embora n\u00e3o exclusivamente, homens que fazem sexo com homens. O alerta epidemiol\u00f3gico insta as autoridades de sa\u00fade dos pa\u00edses &#8220;a continuar a vigil\u00e2ncia com base em testes laboratoriais e na notifica\u00e7\u00e3o oportuna de casos confirmados e prov\u00e1veis&#8221;. A vigil\u00e2ncia gen\u00f4mica tamb\u00e9m \u00e9 fundamental para determinar os clados circulantes e sua evolu\u00e7\u00e3o.<\/p>\n<p>Poss\u00edveis casos de mpox devem evitar contato com outras pessoas e buscar testes para confirmar o diagn\u00f3stico, seguidos do manejo cl\u00ednico dos sintomas.<\/p>\n<p>No alerta, a OPAS recorda os Estados Membros que os esfor\u00e7os devem se concentrar na &#8220;detec\u00e7\u00e3o e diagn\u00f3stico precoce, isolamento e rastreamento de contatos&#8221;. Embora a vacina\u00e7\u00e3o possa ajudar a prevenir a infec\u00e7\u00e3o em pessoas em risco, &#8220;a vacina\u00e7\u00e3o em massa contra a mpox n\u00e3o \u00e9 necess\u00e1ria nem recomendada&#8221;.<\/p>\n<p>A OPAS tamb\u00e9m recomenda a dissemina\u00e7\u00e3o de mensagens de sa\u00fade p\u00fablica para informar e educar popula\u00e7\u00f5es-alvo, incluindo profissionais de sa\u00fade e popula\u00e7\u00f5es com maior preval\u00eancia de HIV e outras infec\u00e7\u00f5es sexualmente transmiss\u00edveis (ISTs), principalmente, embora n\u00e3o exclusivamente, homens que fazem sexo com homens, para melhorar o reconhecimento precoce dos sinais e sintomas.<\/p>\n<p>Em 23 de julho de 2022, o diretor-geral da OMS determinou que o surto multinacional de mpox constitu\u00eda uma emerg\u00eancia de sa\u00fade p\u00fablica de import\u00e2ncia internacional (ESPII). O n\u00famero de casos relatados globalmente atingiu o pico em agosto de 2022 e come\u00e7ou a diminuir gradualmente at\u00e9 abril de 2023. Em 11 de maio de 2023, ap\u00f3s uma redu\u00e7\u00e3o significativa na dissemina\u00e7\u00e3o global, o diretor-geral determinou que o evento n\u00e3o constitu\u00eda mais uma ESPII.<\/p>\n<p>A mpox continua sendo uma preocupa\u00e7\u00e3o de sa\u00fade p\u00fablica global, com casos e surtos ainda sendo notificados no mundo. Em junho de 2024, 26 pa\u00edses reportaram mais de 930 casos e 4 mortes globalmente.<\/p>\n<p><em>Fonte: Organiza\u00e7\u00e3o Pan-Americana da Sa\u00fade<\/em><\/p>\n","protected":false},"excerpt":{"rendered":"<p>Em alerta epidemiol\u00f3gico divulgado em 8 de agosto, a Organiza\u00e7\u00e3o Pan-Americana da Sa\u00fade (OPAS) chamou a aten\u00e7\u00e3o dos pa\u00edses das Am\u00e9ricas para fortalecerem a vigil\u00e2ncia, incluindo a detec\u00e7\u00e3o laboratorial e o sequenciamento gen\u00f4mico dos casos confirmados, ap\u00f3s a identifica\u00e7\u00e3o de uma nova variante do v\u00edrus da mpox, Clado I (Clado Ib), na regi\u00e3o da \u00c1frica [&hellip;]<\/p>\n","protected":false},"author":5,"featured_media":50276,"comment_status":"closed","ping_status":"closed","sticky":false,"template":"","format":"standard","meta":{"footnotes":""},"categories":[77,8],"tags":[],"_links":{"self":[{"href":"https:\/\/www.anamt.org.br\/portal\/wp-json\/wp\/v2\/posts\/50275"}],"collection":[{"href":"https:\/\/www.anamt.org.br\/portal\/wp-json\/wp\/v2\/posts"}],"about":[{"href":"https:\/\/www.anamt.org.br\/portal\/wp-json\/wp\/v2\/types\/post"}],"author":[{"embeddable":true,"href":"https:\/\/www.anamt.org.br\/portal\/wp-json\/wp\/v2\/users\/5"}],"replies":[{"embeddable":true,"href":"https:\/\/www.anamt.org.br\/portal\/wp-json\/wp\/v2\/comments?post=50275"}],"version-history":[{"count":1,"href":"https:\/\/www.anamt.org.br\/portal\/wp-json\/wp\/v2\/posts\/50275\/revisions"}],"predecessor-version":[{"id":50277,"href":"https:\/\/www.anamt.org.br\/portal\/wp-json\/wp\/v2\/posts\/50275\/revisions\/50277"}],"wp:featuredmedia":[{"embeddable":true,"href":"https:\/\/www.anamt.org.br\/portal\/wp-json\/wp\/v2\/media\/50276"}],"wp:attachment":[{"href":"https:\/\/www.anamt.org.br\/portal\/wp-json\/wp\/v2\/media?parent=50275"}],"wp:term":[{"taxonomy":"category","embeddable":true,"href":"https:\/\/www.anamt.org.br\/portal\/wp-json\/wp\/v2\/categories?post=50275"},{"taxonomy":"post_tag","embeddable":true,"href":"https:\/\/www.anamt.org.br\/portal\/wp-json\/wp\/v2\/tags?post=50275"}],"curies":[{"name":"wp","href":"https:\/\/api.w.org\/{rel}","templated":true}]}}