{"id":50272,"date":"2024-08-14T09:33:11","date_gmt":"2024-08-14T12:33:11","guid":{"rendered":"https:\/\/www.anamt.org.br\/portal\/?p=50272"},"modified":"2024-08-20T14:47:24","modified_gmt":"2024-08-20T17:47:24","slug":"anamt-participa-do-18o-congresso-brasileiro-de-higiene-ocupacional","status":"publish","type":"post","link":"https:\/\/www.anamt.org.br\/portal\/2024\/08\/14\/anamt-participa-do-18o-congresso-brasileiro-de-higiene-ocupacional\/","title":{"rendered":"ANAMT participa do 18\u00ba Congresso Brasileiro de Higiene Ocupacional"},"content":{"rendered":"<p>No dia 12 de agosto, o presidente da ANAMT, Dr. Francisco Cortes Fernandes, participou da solenidade de abertura do 18\u00ba Congresso Brasileiro de Higiene Ocupacional (CBHO), realizado pela Associa\u00e7\u00e3o Brasileira de Higiene Ocupacional (ABHO) em S\u00e3o Paulo (SP). Na ocasi\u00e3o, ele tamb\u00e9m foi um palestrantes do painel Caminhos e Interfaces do PGR.<\/p>\n<p><img decoding=\"async\" class=\"aligncenter wp-image-50284 size-fusion-600\" src=\"https:\/\/www.anamt.org.br\/portal\/wp-content\/uploads\/2024\/08\/WhatsApp-Image-2024-08-20-at-14.28.18-600x400.jpeg\" alt=\"\" width=\"600\" height=\"400\" srcset=\"https:\/\/www.anamt.org.br\/portal\/wp-content\/uploads\/2024\/08\/WhatsApp-Image-2024-08-20-at-14.28.18-200x133.jpeg 200w, https:\/\/www.anamt.org.br\/portal\/wp-content\/uploads\/2024\/08\/WhatsApp-Image-2024-08-20-at-14.28.18-300x200.jpeg 300w, https:\/\/www.anamt.org.br\/portal\/wp-content\/uploads\/2024\/08\/WhatsApp-Image-2024-08-20-at-14.28.18-400x267.jpeg 400w, https:\/\/www.anamt.org.br\/portal\/wp-content\/uploads\/2024\/08\/WhatsApp-Image-2024-08-20-at-14.28.18-600x400.jpeg 600w, https:\/\/www.anamt.org.br\/portal\/wp-content\/uploads\/2024\/08\/WhatsApp-Image-2024-08-20-at-14.28.18-768x512.jpeg 768w, https:\/\/www.anamt.org.br\/portal\/wp-content\/uploads\/2024\/08\/WhatsApp-Image-2024-08-20-at-14.28.18-800x534.jpeg 800w, https:\/\/www.anamt.org.br\/portal\/wp-content\/uploads\/2024\/08\/WhatsApp-Image-2024-08-20-at-14.28.18-1024x683.jpeg 1024w, https:\/\/www.anamt.org.br\/portal\/wp-content\/uploads\/2024\/08\/WhatsApp-Image-2024-08-20-at-14.28.18-1200x801.jpeg 1200w, https:\/\/www.anamt.org.br\/portal\/wp-content\/uploads\/2024\/08\/WhatsApp-Image-2024-08-20-at-14.28.18.jpeg 1280w\" sizes=\"(max-width: 600px) 100vw, 600px\" \/> <img decoding=\"async\" class=\"aligncenter wp-image-50285 size-fusion-600\" src=\"https:\/\/www.anamt.org.br\/portal\/wp-content\/uploads\/2024\/08\/WhatsApp-Image-2024-08-20-at-13.45.23-1-600x400.jpeg\" alt=\"\" width=\"600\" height=\"400\" srcset=\"https:\/\/www.anamt.org.br\/portal\/wp-content\/uploads\/2024\/08\/WhatsApp-Image-2024-08-20-at-13.45.23-1-200x133.jpeg 200w, https:\/\/www.anamt.org.br\/portal\/wp-content\/uploads\/2024\/08\/WhatsApp-Image-2024-08-20-at-13.45.23-1-300x200.jpeg 300w, https:\/\/www.anamt.org.br\/portal\/wp-content\/uploads\/2024\/08\/WhatsApp-Image-2024-08-20-at-13.45.23-1-400x267.jpeg 400w, https:\/\/www.anamt.org.br\/portal\/wp-content\/uploads\/2024\/08\/WhatsApp-Image-2024-08-20-at-13.45.23-1-600x400.jpeg 600w, https:\/\/www.anamt.org.br\/portal\/wp-content\/uploads\/2024\/08\/WhatsApp-Image-2024-08-20-at-13.45.23-1-768x512.jpeg 768w, https:\/\/www.anamt.org.br\/portal\/wp-content\/uploads\/2024\/08\/WhatsApp-Image-2024-08-20-at-13.45.23-1-800x534.jpeg 800w, https:\/\/www.anamt.org.br\/portal\/wp-content\/uploads\/2024\/08\/WhatsApp-Image-2024-08-20-at-13.45.23-1-1024x683.jpeg 1024w, https:\/\/www.anamt.org.br\/portal\/wp-content\/uploads\/2024\/08\/WhatsApp-Image-2024-08-20-at-13.45.23-1-1200x801.jpeg 1200w, https:\/\/www.anamt.org.br\/portal\/wp-content\/uploads\/2024\/08\/WhatsApp-Image-2024-08-20-at-13.45.23-1.jpeg 1280w\" sizes=\"(max-width: 600px) 100vw, 600px\" \/> <img decoding=\"async\" class=\"aligncenter wp-image-50286 size-fusion-600\" src=\"https:\/\/www.anamt.org.br\/portal\/wp-content\/uploads\/2024\/08\/WhatsApp-Image-2024-08-20-at-13.45.24-1-600x400.jpeg\" alt=\"\" width=\"600\" height=\"400\" srcset=\"https:\/\/www.anamt.org.br\/portal\/wp-content\/uploads\/2024\/08\/WhatsApp-Image-2024-08-20-at-13.45.24-1-200x133.jpeg 200w, https:\/\/www.anamt.org.br\/portal\/wp-content\/uploads\/2024\/08\/WhatsApp-Image-2024-08-20-at-13.45.24-1-300x200.jpeg 300w, https:\/\/www.anamt.org.br\/portal\/wp-content\/uploads\/2024\/08\/WhatsApp-Image-2024-08-20-at-13.45.24-1-400x267.jpeg 400w, https:\/\/www.anamt.org.br\/portal\/wp-content\/uploads\/2024\/08\/WhatsApp-Image-2024-08-20-at-13.45.24-1-600x400.jpeg 600w, https:\/\/www.anamt.org.br\/portal\/wp-content\/uploads\/2024\/08\/WhatsApp-Image-2024-08-20-at-13.45.24-1-768x512.jpeg 768w, https:\/\/www.anamt.org.br\/portal\/wp-content\/uploads\/2024\/08\/WhatsApp-Image-2024-08-20-at-13.45.24-1-800x534.jpeg 800w, https:\/\/www.anamt.org.br\/portal\/wp-content\/uploads\/2024\/08\/WhatsApp-Image-2024-08-20-at-13.45.24-1-1024x683.jpeg 1024w, https:\/\/www.anamt.org.br\/portal\/wp-content\/uploads\/2024\/08\/WhatsApp-Image-2024-08-20-at-13.45.24-1-1200x801.jpeg 1200w, https:\/\/www.anamt.org.br\/portal\/wp-content\/uploads\/2024\/08\/WhatsApp-Image-2024-08-20-at-13.45.24-1.jpeg 1280w\" sizes=\"(max-width: 600px) 100vw, 600px\" \/> <img decoding=\"async\" class=\"aligncenter wp-image-50287 size-fusion-600\" src=\"https:\/\/www.anamt.org.br\/portal\/wp-content\/uploads\/2024\/08\/WhatsApp-Image-2024-08-20-at-13.45.23-600x400.jpeg\" alt=\"\" width=\"600\" height=\"400\" srcset=\"https:\/\/www.anamt.org.br\/portal\/wp-content\/uploads\/2024\/08\/WhatsApp-Image-2024-08-20-at-13.45.23-200x133.jpeg 200w, https:\/\/www.anamt.org.br\/portal\/wp-content\/uploads\/2024\/08\/WhatsApp-Image-2024-08-20-at-13.45.23-300x200.jpeg 300w, https:\/\/www.anamt.org.br\/portal\/wp-content\/uploads\/2024\/08\/WhatsApp-Image-2024-08-20-at-13.45.23-400x267.jpeg 400w, https:\/\/www.anamt.org.br\/portal\/wp-content\/uploads\/2024\/08\/WhatsApp-Image-2024-08-20-at-13.45.23-600x400.jpeg 600w, https:\/\/www.anamt.org.br\/portal\/wp-content\/uploads\/2024\/08\/WhatsApp-Image-2024-08-20-at-13.45.23-768x512.jpeg 768w, https:\/\/www.anamt.org.br\/portal\/wp-content\/uploads\/2024\/08\/WhatsApp-Image-2024-08-20-at-13.45.23-800x534.jpeg 800w, https:\/\/www.anamt.org.br\/portal\/wp-content\/uploads\/2024\/08\/WhatsApp-Image-2024-08-20-at-13.45.23-1024x683.jpeg 1024w, https:\/\/www.anamt.org.br\/portal\/wp-content\/uploads\/2024\/08\/WhatsApp-Image-2024-08-20-at-13.45.23-1200x801.jpeg 1200w, https:\/\/www.anamt.org.br\/portal\/wp-content\/uploads\/2024\/08\/WhatsApp-Image-2024-08-20-at-13.45.23.jpeg 1280w\" sizes=\"(max-width: 600px) 100vw, 600px\" \/><\/p>\n","protected":false},"excerpt":{"rendered":"<p>No dia 12 de agosto, o presidente da ANAMT, Dr. Francisco Cortes Fernandes, participou da solenidade de abertura do 18\u00ba Congresso Brasileiro de Higiene Ocupacional (CBHO), realizado pela Associa\u00e7\u00e3o Brasileira de Higiene Ocupacional (ABHO) em S\u00e3o Paulo (SP). Na ocasi\u00e3o, ele tamb\u00e9m foi um palestrantes do painel Caminhos e Interfaces do PGR.<\/p>\n","protected":false},"author":5,"featured_media":50282,"comment_status":"closed","ping_status":"closed","sticky":false,"template":"","format":"standard","meta":{"footnotes":""},"categories":[77,8],"tags":[],"_links":{"self":[{"href":"https:\/\/www.anamt.org.br\/portal\/wp-json\/wp\/v2\/posts\/50272"}],"collection":[{"href":"https:\/\/www.anamt.org.br\/portal\/wp-json\/wp\/v2\/posts"}],"about":[{"href":"https:\/\/www.anamt.org.br\/portal\/wp-json\/wp\/v2\/types\/post"}],"author":[{"embeddable":true,"href":"https:\/\/www.anamt.org.br\/portal\/wp-json\/wp\/v2\/users\/5"}],"replies":[{"embeddable":true,"href":"https:\/\/www.anamt.org.br\/portal\/wp-json\/wp\/v2\/comments?post=50272"}],"version-history":[{"count":2,"href":"https:\/\/www.anamt.org.br\/portal\/wp-json\/wp\/v2\/posts\/50272\/revisions"}],"predecessor-version":[{"id":50288,"href":"https:\/\/www.anamt.org.br\/portal\/wp-json\/wp\/v2\/posts\/50272\/revisions\/50288"}],"wp:featuredmedia":[{"embeddable":true,"href":"https:\/\/www.anamt.org.br\/portal\/wp-json\/wp\/v2\/media\/50282"}],"wp:attachment":[{"href":"https:\/\/www.anamt.org.br\/portal\/wp-json\/wp\/v2\/media?parent=50272"}],"wp:term":[{"taxonomy":"category","embeddable":true,"href":"https:\/\/www.anamt.org.br\/portal\/wp-json\/wp\/v2\/categories?post=50272"},{"taxonomy":"post_tag","embeddable":true,"href":"https:\/\/www.anamt.org.br\/portal\/wp-json\/wp\/v2\/tags?post=50272"}],"curies":[{"name":"wp","href":"https:\/\/api.w.org\/{rel}","templated":true}]}}