{"id":50267,"date":"2024-08-09T10:41:13","date_gmt":"2024-08-09T13:41:13","guid":{"rendered":"https:\/\/www.anamt.org.br\/portal\/?p=50267"},"modified":"2024-08-09T10:41:13","modified_gmt":"2024-08-09T13:41:13","slug":"oropouche-opas-faz-alerta-epidemiologico-da-doenca","status":"publish","type":"post","link":"https:\/\/www.anamt.org.br\/portal\/2024\/08\/09\/oropouche-opas-faz-alerta-epidemiologico-da-doenca\/","title":{"rendered":"Oropouche: OPAS faz alerta epidemiol\u00f3gico da doen\u00e7a"},"content":{"rendered":"<p>A Organiza\u00e7\u00e3o Pan-Americana da Sa\u00fade (OPAS) divulgou um documento em que faz um alerta epidemiol\u00f3gico sobre os casos de febre Oropouche nas Am\u00e9ricas. De acordo com a publica\u00e7\u00e3o, a divulga\u00e7\u00e3o \u00e9 por conta do aumento de casos notificados da doen\u00e7a em 2024, inclusive em locais sem hist\u00f3rico da doen\u00e7a, e de casos fatais da mesma.<\/p>\n<p>&#8220;Em rela\u00e7\u00e3o aos casos de transmiss\u00e3o vertical do Oropouche e suas consequ\u00eancias, o Brasil notificou um \u00f3bito fetal e um aborto no estado de Pernambuco e quatro casos de rec\u00e9m nascidos com microcefalia, identificados por estudos retrospectivos nos estados do Acre e Par\u00e1. Al\u00e9m disso, o Brasil informou que est\u00e1 investigando outros tr\u00eas poss\u00edveis casos de transmiss\u00e3o vertical e suas consequ\u00eancias no estado de Pernambuco, envolvendo tr\u00eas mortes fetais&#8221;, pontua trecho do documento.<\/p>\n<p>A publica\u00e7\u00e3o da OPAS est\u00e1 dispon\u00edvel na \u00edntegra <a href=\"https:\/\/acrobat.adobe.com\/id\/urn:aaid:sc:VA6C2:ebe3e976-e094-4fc7-b04f-5adb83632fe3\" target=\"_blank\" rel=\"noopener\"><strong>aqui<\/strong><\/a>.<\/p>\n","protected":false},"excerpt":{"rendered":"<p>A Organiza\u00e7\u00e3o Pan-Americana da Sa\u00fade (OPAS) divulgou um documento em que faz um alerta epidemiol\u00f3gico sobre os casos de febre Oropouche nas Am\u00e9ricas. De acordo com a publica\u00e7\u00e3o, a divulga\u00e7\u00e3o \u00e9 por conta do aumento de casos notificados da doen\u00e7a em 2024, inclusive em locais sem hist\u00f3rico da doen\u00e7a, e de casos fatais da mesma. [&hellip;]<\/p>\n","protected":false},"author":5,"featured_media":50268,"comment_status":"closed","ping_status":"closed","sticky":false,"template":"","format":"standard","meta":{"footnotes":""},"categories":[77,8],"tags":[],"_links":{"self":[{"href":"https:\/\/www.anamt.org.br\/portal\/wp-json\/wp\/v2\/posts\/50267"}],"collection":[{"href":"https:\/\/www.anamt.org.br\/portal\/wp-json\/wp\/v2\/posts"}],"about":[{"href":"https:\/\/www.anamt.org.br\/portal\/wp-json\/wp\/v2\/types\/post"}],"author":[{"embeddable":true,"href":"https:\/\/www.anamt.org.br\/portal\/wp-json\/wp\/v2\/users\/5"}],"replies":[{"embeddable":true,"href":"https:\/\/www.anamt.org.br\/portal\/wp-json\/wp\/v2\/comments?post=50267"}],"version-history":[{"count":1,"href":"https:\/\/www.anamt.org.br\/portal\/wp-json\/wp\/v2\/posts\/50267\/revisions"}],"predecessor-version":[{"id":50269,"href":"https:\/\/www.anamt.org.br\/portal\/wp-json\/wp\/v2\/posts\/50267\/revisions\/50269"}],"wp:featuredmedia":[{"embeddable":true,"href":"https:\/\/www.anamt.org.br\/portal\/wp-json\/wp\/v2\/media\/50268"}],"wp:attachment":[{"href":"https:\/\/www.anamt.org.br\/portal\/wp-json\/wp\/v2\/media?parent=50267"}],"wp:term":[{"taxonomy":"category","embeddable":true,"href":"https:\/\/www.anamt.org.br\/portal\/wp-json\/wp\/v2\/categories?post=50267"},{"taxonomy":"post_tag","embeddable":true,"href":"https:\/\/www.anamt.org.br\/portal\/wp-json\/wp\/v2\/tags?post=50267"}],"curies":[{"name":"wp","href":"https:\/\/api.w.org\/{rel}","templated":true}]}}