{"id":50250,"date":"2024-08-02T09:18:39","date_gmt":"2024-08-02T12:18:39","guid":{"rendered":"https:\/\/www.anamt.org.br\/portal\/?p=50250"},"modified":"2024-08-02T09:18:39","modified_gmt":"2024-08-02T12:18:39","slug":"vice-presidente-da-anamt-na-regiao-nordeste-participa-de-seminario-no-piaui","status":"publish","type":"post","link":"https:\/\/www.anamt.org.br\/portal\/2024\/08\/02\/vice-presidente-da-anamt-na-regiao-nordeste-participa-de-seminario-no-piaui\/","title":{"rendered":"Vice-presidente da ANAMT na Regi\u00e3o Nordeste participa de semin\u00e1rio no Piau\u00ed"},"content":{"rendered":"<p>No dia 30 de julho, o vice-presidente da ANAMT da Regi\u00e3o Nordeste, Dr. Pascoal Gomes, realizou a palestra magna do 1\u00ba Semin\u00e1rio Municipal de Sa\u00fade e Seguran\u00e7a do Trabalho em Picos (PI), ocorrido na C\u00e2mara Municipal da cidade. Acidentes de trajeto, sa\u00fade mental e direitos trabalhistas e previdenci\u00e1rios foram alguns dos assuntos tratados no evento.<\/p>\n<p><img decoding=\"async\" class=\"aligncenter wp-image-50253 size-fusion-600\" src=\"https:\/\/www.anamt.org.br\/portal\/wp-content\/uploads\/2024\/08\/WhatsApp-Image-2024-08-01-at-09.46.08-600x400.jpeg\" alt=\"\" width=\"600\" height=\"400\" srcset=\"https:\/\/www.anamt.org.br\/portal\/wp-content\/uploads\/2024\/08\/WhatsApp-Image-2024-08-01-at-09.46.08-200x133.jpeg 200w, https:\/\/www.anamt.org.br\/portal\/wp-content\/uploads\/2024\/08\/WhatsApp-Image-2024-08-01-at-09.46.08-300x200.jpeg 300w, https:\/\/www.anamt.org.br\/portal\/wp-content\/uploads\/2024\/08\/WhatsApp-Image-2024-08-01-at-09.46.08-400x267.jpeg 400w, https:\/\/www.anamt.org.br\/portal\/wp-content\/uploads\/2024\/08\/WhatsApp-Image-2024-08-01-at-09.46.08-600x400.jpeg 600w, https:\/\/www.anamt.org.br\/portal\/wp-content\/uploads\/2024\/08\/WhatsApp-Image-2024-08-01-at-09.46.08.jpeg 640w\" sizes=\"(max-width: 600px) 100vw, 600px\" \/><\/p>\n<p><img decoding=\"async\" class=\"aligncenter wp-image-50252 size-fusion-400\" src=\"https:\/\/www.anamt.org.br\/portal\/wp-content\/uploads\/2024\/08\/WhatsApp-Image-2024-08-01-at-09.46.08-1-400x269.jpeg\" alt=\"\" width=\"400\" height=\"269\" srcset=\"https:\/\/www.anamt.org.br\/portal\/wp-content\/uploads\/2024\/08\/WhatsApp-Image-2024-08-01-at-09.46.08-1-200x135.jpeg 200w, https:\/\/www.anamt.org.br\/portal\/wp-content\/uploads\/2024\/08\/WhatsApp-Image-2024-08-01-at-09.46.08-1-300x202.jpeg 300w, https:\/\/www.anamt.org.br\/portal\/wp-content\/uploads\/2024\/08\/WhatsApp-Image-2024-08-01-at-09.46.08-1-400x269.jpeg 400w, https:\/\/www.anamt.org.br\/portal\/wp-content\/uploads\/2024\/08\/WhatsApp-Image-2024-08-01-at-09.46.08-1-600x404.jpeg 600w, https:\/\/www.anamt.org.br\/portal\/wp-content\/uploads\/2024\/08\/WhatsApp-Image-2024-08-01-at-09.46.08-1-768x517.jpeg 768w, https:\/\/www.anamt.org.br\/portal\/wp-content\/uploads\/2024\/08\/WhatsApp-Image-2024-08-01-at-09.46.08-1-800x538.jpeg 800w, https:\/\/www.anamt.org.br\/portal\/wp-content\/uploads\/2024\/08\/WhatsApp-Image-2024-08-01-at-09.46.08-1.jpeg 846w\" sizes=\"(max-width: 400px) 100vw, 400px\" \/><\/p>\n","protected":false},"excerpt":{"rendered":"<p>No dia 30 de julho, o vice-presidente da ANAMT da Regi\u00e3o Nordeste, Dr. Pascoal Gomes, realizou a palestra magna do 1\u00ba Semin\u00e1rio Municipal de Sa\u00fade e Seguran\u00e7a do Trabalho em Picos (PI), ocorrido na C\u00e2mara Municipal da cidade. Acidentes de trajeto, sa\u00fade mental e direitos trabalhistas e previdenci\u00e1rios foram alguns dos assuntos tratados no evento.<\/p>\n","protected":false},"author":5,"featured_media":50251,"comment_status":"closed","ping_status":"closed","sticky":false,"template":"","format":"standard","meta":{"footnotes":""},"categories":[77,8],"tags":[],"_links":{"self":[{"href":"https:\/\/www.anamt.org.br\/portal\/wp-json\/wp\/v2\/posts\/50250"}],"collection":[{"href":"https:\/\/www.anamt.org.br\/portal\/wp-json\/wp\/v2\/posts"}],"about":[{"href":"https:\/\/www.anamt.org.br\/portal\/wp-json\/wp\/v2\/types\/post"}],"author":[{"embeddable":true,"href":"https:\/\/www.anamt.org.br\/portal\/wp-json\/wp\/v2\/users\/5"}],"replies":[{"embeddable":true,"href":"https:\/\/www.anamt.org.br\/portal\/wp-json\/wp\/v2\/comments?post=50250"}],"version-history":[{"count":1,"href":"https:\/\/www.anamt.org.br\/portal\/wp-json\/wp\/v2\/posts\/50250\/revisions"}],"predecessor-version":[{"id":50254,"href":"https:\/\/www.anamt.org.br\/portal\/wp-json\/wp\/v2\/posts\/50250\/revisions\/50254"}],"wp:featuredmedia":[{"embeddable":true,"href":"https:\/\/www.anamt.org.br\/portal\/wp-json\/wp\/v2\/media\/50251"}],"wp:attachment":[{"href":"https:\/\/www.anamt.org.br\/portal\/wp-json\/wp\/v2\/media?parent=50250"}],"wp:term":[{"taxonomy":"category","embeddable":true,"href":"https:\/\/www.anamt.org.br\/portal\/wp-json\/wp\/v2\/categories?post=50250"},{"taxonomy":"post_tag","embeddable":true,"href":"https:\/\/www.anamt.org.br\/portal\/wp-json\/wp\/v2\/tags?post=50250"}],"curies":[{"name":"wp","href":"https:\/\/api.w.org\/{rel}","templated":true}]}}