{"id":50248,"date":"2024-07-31T16:33:15","date_gmt":"2024-07-31T19:33:15","guid":{"rendered":"https:\/\/www.anamt.org.br\/portal\/?p=50248"},"modified":"2024-08-06T16:43:59","modified_gmt":"2024-08-06T19:43:59","slug":"visita-do-presidente-da-anamt-a-fundacao-sao-francisco-xavier-destaca-21o-congresso-nacional-e-o-valor-do-medico-do-trabalho","status":"publish","type":"post","link":"https:\/\/www.anamt.org.br\/portal\/2024\/07\/31\/visita-do-presidente-da-anamt-a-fundacao-sao-francisco-xavier-destaca-21o-congresso-nacional-e-o-valor-do-medico-do-trabalho\/","title":{"rendered":"Visita do presidente da ANAMT \u00e0 Funda\u00e7\u00e3o S\u00e3o Francisco Xavier e \u00e0 Usiminas destacam 21\u00ba Congresso Nacional e o valor do m\u00e9dico do trabalho"},"content":{"rendered":"<p>Com a proximidade do 21\u00ba Congresso Nacional da ANAMT, o presidente da ANAMT, Dr. Francisco Cortes Fernandes, tem intensificado a divulga\u00e7\u00e3o do evento, que ser\u00e1 em Belo Horizonte (MG), de 30 de setembro a 2 de outubro. Um desses encontros foi na sede da Funda\u00e7\u00e3o S\u00e3o Francisco Xavier (FSFX), em Ipatinga (MG), no dia 10 de julho.<\/p>\n<p>Na ocasi\u00e3o, o presidente da Associa\u00e7\u00e3o convidou e incentivou a equipe da Funda\u00e7\u00e3o a participar do evento, que nesta edi\u00e7\u00e3o abordar\u00e1 o tema &#8216;Demonstrando, na pr\u00e1tica, o valor da Medicina do Trabalho por meio de compet\u00eancias&#8217;.<\/p>\n<p>Dr. Guilherme Hauck, coordenador da Resid\u00eancia M\u00e9dica em Medicina do Trabalho da FSFX, destacou a import\u00e2ncia da visita do Dr. Francisco Fernandes.<\/p>\n<p>&#8220;\u00c9 um fato hist\u00f3rico e muito importante para n\u00f3s. Tivemos a oportunidade de nos aproximar da nossa Associa\u00e7\u00e3o e conhecer as linhas de pensamento e diretrizes de quem est\u00e1 \u00e0 frente desse processo\u201d, pontuou Dr. Hauck.<\/p>\n<p>Ao falar sobre o encontro, ele reportou algumas das principais mensagens do presidente da ANAMT.<\/p>\n<p>&#8220;Dr. Francisco nos deu uma aula de atua\u00e7\u00e3o das boas pr\u00e1ticas em Medicina do Trabalho, salientando a import\u00e2ncia do atendimento horizontal, prezando pelo bom exame m\u00e9dico e o acompanhamento a longo prazo a fim de avaliar poss\u00edveis restri\u00e7\u00f5es ao trabalho e evitar adoecimentos. Tamb\u00e9m refor\u00e7ou ainda mais os gestores da FSFX sobre a import\u00e2ncia de continuar apoiando a Resid\u00eancia M\u00e9dica em Medicina do Trabalho, promovendo valoriza\u00e7\u00e3o profissional e incentivo cient\u00edfico&#8221;, ressaltou Dr. Hauck.<\/p>\n<p>Resid\u00eancia M\u00e9dica<\/p>\n<p>A Resid\u00eancia em Medicina do Trabalho foi institu\u00edda h\u00e1 dois anos e meio na FSFX e j\u00e1 formou duas m\u00e9dicas na especialidade. Em 2024, a Funda\u00e7\u00e3o recebeu uma aluna de fora de Ipatinga, o que, para o coordenador Dr. Hauck, representa que a Resid\u00eancia na Funda\u00e7\u00e3o est\u00e1 sendo difundida para al\u00e9m da cidade e acredita que a realiza\u00e7\u00e3o do Congresso ampliar\u00e1 ainda mais essa divulga\u00e7\u00e3o e procura pela forma\u00e7\u00e3o.<\/p>\n<p>&#8220;Com o 21\u00ba Congresso acontecendo em Belo Horizonte esse processo se fortalecer\u00e1 muito mais, um momento em que todas as resid\u00eancias se juntar\u00e3o na capital mineira para debates, trocas de experi\u00eancias e networking&#8221;, considera.<\/p>\n<p>Em mar\u00e7o, a Funda\u00e7\u00e3o anunciar\u00e1 a abertura de inscri\u00e7\u00e3o para sele\u00e7\u00e3o de dois m\u00e9dicos para Resid\u00eancia em Medicina do Trabalho, na VITA, unidade respons\u00e1vel pela parte de Sa\u00fade, Seguran\u00e7a e Meio Ambiente da FSFX, incluindo pr\u00f3prios, terceiros, mercado e contratos. No total, s\u00e3o 14 Resid\u00eancias nas mais variadas especialidades, segundo Dr. Hauck.<\/p>\n<p>A Funda\u00e7\u00e3o: miss\u00e3o<\/p>\n<p>A FSFX \u00e9 uma entidade beneficente de assist\u00eancia social, reconhecida pelo Minist\u00e9rio da Sa\u00fade e gerencia os servi\u00e7os de sa\u00fade e educa\u00e7\u00e3o da Sider\u00fargica Usiminas desde 1969. No in\u00edcio, a miss\u00e3o era atender aos empregados e dependentes da sider\u00fargica. Atualmente, presta servi\u00e7os de sa\u00fade para a comunidade em geral. Mais de 70% dos atendimentos s\u00e3o feitos a pacientes do SUS, acrescentou o m\u00e9dico.<br \/>\nA entidade est\u00e1 em cinco estados brasileiros (Pernambuco, Esp\u00edrito Santo, Minas Gerais, S\u00e3o Paulo e Rio Grande do Sul), conta com mais de seis mil funcion\u00e1rios e administra tr\u00eas unidades hospitalares, em Ipatinga e Itabira (MG).<\/p>\n<p>&#8220;Estamos no Vale do A\u00e7o, regi\u00e3o que engloba principalmente Ipatinga, Tim\u00f3teo e Coronel Fabriciano e onde est\u00e3o instaladas as principais Sider\u00fargicas do pa\u00eds. Em nossa regi\u00e3o, a demanda \u00e9 relativamente grande por m\u00e9dicos do trabalho, mas a qualifica\u00e7\u00e3o na especialidade estava um pouco baixa. Com o in\u00edcio da Resid\u00eancia M\u00e9dica e o fomento \u00e0 valoriza\u00e7\u00e3o profissional esperamos uma mudan\u00e7a cultural das pr\u00f3prias empresas e incentivo \u00e0s boas pr\u00e1ticas j\u00e1 muito salientadas pelo Dr. Francisco Fernandes,&#8221; findou o coordenador da FSFX.<\/p>\n<p>Usiminas<\/p>\n<p>Al\u00e9m da recep\u00e7\u00e3o na Funda\u00e7\u00e3o S\u00e3o Francisco Xavier, Dr. Francisco Cortes Fernandes, visitou as instala\u00e7\u00f5es da Usiminas, onde conheceu a estrutura de seguran\u00e7a e sa\u00fade da sider\u00fargica, uma das maiores do pa\u00eds.<\/p>\n<p>Ao falar sobre o encontro, Dr. Renato Barbosa, gerente corporativo de Medicina do Trabalho da Usiminas, destacou que a ocasi\u00e3o foi importante para esclarecer o papel da ANAMT para o desenvolvimento cont\u00ednuo da especialidade e para a defesa da Medicina do Trabalho:<\/p>\n<p>&#8220;Receber a visita do Dr. Francisco foi muito relevante para todos os m\u00e9dicos do trabalho e equipe de sa\u00fade da Usiminas. Tivemos oportunidade para realizar troca de experi\u00eancias e conhecimentos,&#8221; ressaltou Dr. Renato.<\/p>\n<p>Outro ponto importante do encontro, que ocorreu em 10 de julho, foi a divulga\u00e7\u00e3o do 21\u00ba Congresso Nacional. &#8220;A realiza\u00e7\u00e3o do Congresso da ANAMT, em Minas Gerais, proporciona uma oportunidade para reunir um expressivo n\u00famero de m\u00e9dicos do trabalho que atuam no estado para uma intensa troca de conhecimentos t\u00e9cnicos e bastante networking com os colegas especialistas de todo o Brasil e de outros pa\u00edses tamb\u00e9m&#8221;, complementou. A seu ver, o Congresso ser\u00e1 um evento tanto para instigar e potencializar atualiza\u00e7\u00e3o t\u00e9cnico-cient\u00edfica dos m\u00e9dicos do trabalho que atuam na Usiminas quanto para inspirar e motivar os m\u00e9dicos examinadores que ainda n\u00e3o s\u00e3o especialistas a se tornarem futuros m\u00e9dicos do trabalho.<\/p>\n<p>&#8220;O Congresso \u00e9 um f\u00f3rum t\u00e9cnico em Medicina do Trabalho muito abrangente e diversificado, capaz de ofertar conhecimento relevante e atualizado para os m\u00e9dicos que almejam tornarem-se especialistas, para os especialistas que ainda est\u00e3o nos anos iniciais da carreira e para os especialistas que j\u00e1 possuem maior experi\u00eancia acumulada&#8221;, pontuou Dr. Renato Barbosa.<\/p>\n<p>De acordo com o gerente de Medicina do Trabalho, a sider\u00fargica conta com 18 m\u00e9dicos do trabalho atuando nas empresas Usiminas, sendo 12 pr\u00f3prios e seis da FSFX, al\u00e9m de dez m\u00e9dicos examinadores da Funda\u00e7\u00e3o.<\/p>\n<p>&#8220;A \u00e1rea de Sa\u00fade comp\u00f5e a equipe de Gest\u00e3o de Pessoas que est\u00e1 diretamente ligada \u00e0 presid\u00eancia da Usiminas&#8221;, explicou. &#8220;As equipes s\u00e3o multidisciplinares e compostas por profissionais pr\u00f3prios e terceiros que s\u00e3o especialistas em suas respectivas \u00e1reas de atua\u00e7\u00e3o. Importante salientar que as \u00e1reas de Seguran\u00e7a e de Sa\u00fade n\u00e3o comp\u00f5em a mesma diretoria, mas atuam em sinergia e coopera\u00e7\u00e3o na Usiminas&#8221;, resumiu o m\u00e9dico.<\/p>\n<p>De acordo com o Dr. Renato Barbosa, a FSFX \u00e9 uma grande parceira da Usiminas, principalmente no suporte de qualidade em sa\u00fade assistencial tanto terap\u00eautica quanto preventiva, como frisou o especialista. &#8220;A FSFX tamb\u00e9m prov\u00ea recursos humanos especializados e recursos materiais nas \u00e1reas de sa\u00fade ocupacional, sa\u00fade emergencial pr\u00e9-hospitalar, ergonomia, seguran\u00e7a do trabalho, higiene ocupacional e brigada de emerg\u00eancia&#8221;, arrematou.<\/p>\n","protected":false},"excerpt":{"rendered":"<p>Com a proximidade do 21\u00ba Congresso Nacional da ANAMT, o presidente da ANAMT, Dr. Francisco Cortes Fernandes, tem intensificado a divulga\u00e7\u00e3o do evento, que ser\u00e1 em Belo Horizonte (MG), de 30 de setembro a 2 de outubro. Um desses encontros foi na sede da Funda\u00e7\u00e3o S\u00e3o Francisco Xavier (FSFX), em Ipatinga (MG), no dia 10 [&hellip;]<\/p>\n","protected":false},"author":5,"featured_media":50200,"comment_status":"closed","ping_status":"closed","sticky":false,"template":"","format":"standard","meta":{"footnotes":""},"categories":[77,8],"tags":[],"_links":{"self":[{"href":"https:\/\/www.anamt.org.br\/portal\/wp-json\/wp\/v2\/posts\/50248"}],"collection":[{"href":"https:\/\/www.anamt.org.br\/portal\/wp-json\/wp\/v2\/posts"}],"about":[{"href":"https:\/\/www.anamt.org.br\/portal\/wp-json\/wp\/v2\/types\/post"}],"author":[{"embeddable":true,"href":"https:\/\/www.anamt.org.br\/portal\/wp-json\/wp\/v2\/users\/5"}],"replies":[{"embeddable":true,"href":"https:\/\/www.anamt.org.br\/portal\/wp-json\/wp\/v2\/comments?post=50248"}],"version-history":[{"count":2,"href":"https:\/\/www.anamt.org.br\/portal\/wp-json\/wp\/v2\/posts\/50248\/revisions"}],"predecessor-version":[{"id":50266,"href":"https:\/\/www.anamt.org.br\/portal\/wp-json\/wp\/v2\/posts\/50248\/revisions\/50266"}],"wp:featuredmedia":[{"embeddable":true,"href":"https:\/\/www.anamt.org.br\/portal\/wp-json\/wp\/v2\/media\/50200"}],"wp:attachment":[{"href":"https:\/\/www.anamt.org.br\/portal\/wp-json\/wp\/v2\/media?parent=50248"}],"wp:term":[{"taxonomy":"category","embeddable":true,"href":"https:\/\/www.anamt.org.br\/portal\/wp-json\/wp\/v2\/categories?post=50248"},{"taxonomy":"post_tag","embeddable":true,"href":"https:\/\/www.anamt.org.br\/portal\/wp-json\/wp\/v2\/tags?post=50248"}],"curies":[{"name":"wp","href":"https:\/\/api.w.org\/{rel}","templated":true}]}}