{"id":50244,"date":"2024-08-01T07:54:36","date_gmt":"2024-08-01T10:54:36","guid":{"rendered":"https:\/\/www.anamt.org.br\/portal\/?p=50244"},"modified":"2024-08-01T07:54:36","modified_gmt":"2024-08-01T10:54:36","slug":"21o-congresso-nacional-anamt-entrega-dos-resumos-dos-trabalhos-cientificos-e-estendida-ate-15-de-agosto","status":"publish","type":"post","link":"https:\/\/www.anamt.org.br\/portal\/2024\/08\/01\/21o-congresso-nacional-anamt-entrega-dos-resumos-dos-trabalhos-cientificos-e-estendida-ate-15-de-agosto\/","title":{"rendered":"21\u00ba Congresso Nacional ANAMT: entrega dos resumos dos trabalhos cient\u00edficos \u00e9 estendida at\u00e9 15 de agosto"},"content":{"rendered":"<p>O prazo para o envio dos resumos dos trabalhos cient\u00edficos para apresenta\u00e7\u00e3o durante o 21\u00ba Congresso Nacional da ANAMT, a ser realizado em Belo Horizonte (MG), foi estendido at\u00e9 15 de agosto de 2024. Est\u00e3o aptos a participar da sele\u00e7\u00e3o, profissionais da \u00e1rea de medicina do trabalho, acad\u00eamicos e estudantes interessados em compartilhar seus estudos e pesquisas.<\/p>\n<p>A sele\u00e7\u00e3o dos trabalhos cient\u00edficos submetidos ser\u00e1 realizada por uma Comiss\u00e3o Avaliadora. Dez trabalhos ser\u00e3o escolhidos para apresenta\u00e7\u00e3o oral no Congresso, durante os semin\u00e1rios. As pesquisas e estudos avaliados e aprovados pela Comiss\u00e3o, classificadas ou n\u00e3o, poder\u00e3o ser expostas sob a forma de p\u00f4ster ao longo do evento. Os autores dever\u00e3o estar presentes ao lado dos respectivos p\u00f4steres em um hor\u00e1rio pr\u00e9-determinado, para apresenta\u00e7\u00e3o e discuss\u00f5es dos congressistas interessados nos temas.<\/p>\n<p>O 21\u00ba Congresso Nacional da ANAMT ser\u00e1 realizado de 30 de setembro a 2 de outubro de 2024, sob o tema principal \u2018Demonstrando, na pr\u00e1tica, o valor da Medicina do Trabalho por meio de compet\u00eancias\u2019. O local do evento fica no Centro de Belo Horizonte, na Av. Jo\u00e3o Pinheiro, 161. Mais informa\u00e7\u00f5es sobre o evento est\u00e3o dispon\u00edveis no site <a href=\"http:\/\/congresso2024.anamt.org.br\/\" target=\"_blank\" rel=\"noopener\">http:\/\/congresso2024.anamt.org.br\/<\/a><\/p>\n","protected":false},"excerpt":{"rendered":"<p>O prazo para o envio dos resumos dos trabalhos cient\u00edficos para apresenta\u00e7\u00e3o durante o 21\u00ba Congresso Nacional da ANAMT, a ser realizado em Belo Horizonte (MG), foi estendido at\u00e9 15 de agosto de 2024. Est\u00e3o aptos a participar da sele\u00e7\u00e3o, profissionais da \u00e1rea de medicina do trabalho, acad\u00eamicos e estudantes interessados em compartilhar seus estudos [&hellip;]<\/p>\n","protected":false},"author":5,"featured_media":50038,"comment_status":"closed","ping_status":"closed","sticky":false,"template":"","format":"standard","meta":{"footnotes":""},"categories":[77,8],"tags":[],"_links":{"self":[{"href":"https:\/\/www.anamt.org.br\/portal\/wp-json\/wp\/v2\/posts\/50244"}],"collection":[{"href":"https:\/\/www.anamt.org.br\/portal\/wp-json\/wp\/v2\/posts"}],"about":[{"href":"https:\/\/www.anamt.org.br\/portal\/wp-json\/wp\/v2\/types\/post"}],"author":[{"embeddable":true,"href":"https:\/\/www.anamt.org.br\/portal\/wp-json\/wp\/v2\/users\/5"}],"replies":[{"embeddable":true,"href":"https:\/\/www.anamt.org.br\/portal\/wp-json\/wp\/v2\/comments?post=50244"}],"version-history":[{"count":1,"href":"https:\/\/www.anamt.org.br\/portal\/wp-json\/wp\/v2\/posts\/50244\/revisions"}],"predecessor-version":[{"id":50245,"href":"https:\/\/www.anamt.org.br\/portal\/wp-json\/wp\/v2\/posts\/50244\/revisions\/50245"}],"wp:featuredmedia":[{"embeddable":true,"href":"https:\/\/www.anamt.org.br\/portal\/wp-json\/wp\/v2\/media\/50038"}],"wp:attachment":[{"href":"https:\/\/www.anamt.org.br\/portal\/wp-json\/wp\/v2\/media?parent=50244"}],"wp:term":[{"taxonomy":"category","embeddable":true,"href":"https:\/\/www.anamt.org.br\/portal\/wp-json\/wp\/v2\/categories?post=50244"},{"taxonomy":"post_tag","embeddable":true,"href":"https:\/\/www.anamt.org.br\/portal\/wp-json\/wp\/v2\/tags?post=50244"}],"curies":[{"name":"wp","href":"https:\/\/api.w.org\/{rel}","templated":true}]}}