{"id":50239,"date":"2024-07-29T08:23:41","date_gmt":"2024-07-29T11:23:41","guid":{"rendered":"https:\/\/www.anamt.org.br\/portal\/?p=50239"},"modified":"2024-07-29T12:23:58","modified_gmt":"2024-07-29T15:23:58","slug":"anamt-participa-do-2o-congresso-de-medicina-geral-da-amb","status":"publish","type":"post","link":"https:\/\/www.anamt.org.br\/portal\/2024\/07\/29\/anamt-participa-do-2o-congresso-de-medicina-geral-da-amb\/","title":{"rendered":"ANAMT participa do 2\u00ba Congresso de Medicina Geral da AMB"},"content":{"rendered":"<p>O presidente da ANAMT, Dr. Francisco Cortes Fernandes, participou no dia 26 de julho do 2\u00ba Congresso de Medicina Geral da Associa\u00e7\u00e3o M\u00e9dica Brasileira (AMB), onde foi um dos coordenadores da Mesa Redonda de Medicina do Trabalho e Medicina do Traf\u00e9go. As palestras tamb\u00e9m foram coordenadas por Dr. Juarez Molinari, Dr. S\u00e9rgio de Luca e Dr. Jos\u00e9 Heverardo Montal.<\/p>\n<p><img decoding=\"async\" class=\"aligncenter wp-image-50241 size-fusion-600\" src=\"https:\/\/www.anamt.org.br\/portal\/wp-content\/uploads\/2024\/07\/WhatsApp-Image-2024-07-26-at-18.31.20-600x450.jpeg\" alt=\"\" width=\"600\" height=\"450\" srcset=\"https:\/\/www.anamt.org.br\/portal\/wp-content\/uploads\/2024\/07\/WhatsApp-Image-2024-07-26-at-18.31.20-200x150.jpeg 200w, https:\/\/www.anamt.org.br\/portal\/wp-content\/uploads\/2024\/07\/WhatsApp-Image-2024-07-26-at-18.31.20-300x225.jpeg 300w, https:\/\/www.anamt.org.br\/portal\/wp-content\/uploads\/2024\/07\/WhatsApp-Image-2024-07-26-at-18.31.20-400x300.jpeg 400w, https:\/\/www.anamt.org.br\/portal\/wp-content\/uploads\/2024\/07\/WhatsApp-Image-2024-07-26-at-18.31.20-600x450.jpeg 600w, https:\/\/www.anamt.org.br\/portal\/wp-content\/uploads\/2024\/07\/WhatsApp-Image-2024-07-26-at-18.31.20-768x576.jpeg 768w, https:\/\/www.anamt.org.br\/portal\/wp-content\/uploads\/2024\/07\/WhatsApp-Image-2024-07-26-at-18.31.20-800x600.jpeg 800w, https:\/\/www.anamt.org.br\/portal\/wp-content\/uploads\/2024\/07\/WhatsApp-Image-2024-07-26-at-18.31.20-1024x768.jpeg 1024w, https:\/\/www.anamt.org.br\/portal\/wp-content\/uploads\/2024\/07\/WhatsApp-Image-2024-07-26-at-18.31.20-1200x900.jpeg 1200w, https:\/\/www.anamt.org.br\/portal\/wp-content\/uploads\/2024\/07\/WhatsApp-Image-2024-07-26-at-18.31.20-1536x1152.jpeg 1536w, https:\/\/www.anamt.org.br\/portal\/wp-content\/uploads\/2024\/07\/WhatsApp-Image-2024-07-26-at-18.31.20.jpeg 1600w\" sizes=\"(max-width: 600px) 100vw, 600px\" \/><\/p>\n<p><img decoding=\"async\" class=\"aligncenter wp-image-50240 size-fusion-600\" src=\"https:\/\/www.anamt.org.br\/portal\/wp-content\/uploads\/2024\/07\/WhatsApp-Image-2024-07-26-at-18.32.06-600x800.jpeg\" alt=\"\" width=\"600\" height=\"800\" srcset=\"https:\/\/www.anamt.org.br\/portal\/wp-content\/uploads\/2024\/07\/WhatsApp-Image-2024-07-26-at-18.32.06-200x267.jpeg 200w, https:\/\/www.anamt.org.br\/portal\/wp-content\/uploads\/2024\/07\/WhatsApp-Image-2024-07-26-at-18.32.06-225x300.jpeg 225w, https:\/\/www.anamt.org.br\/portal\/wp-content\/uploads\/2024\/07\/WhatsApp-Image-2024-07-26-at-18.32.06-400x533.jpeg 400w, https:\/\/www.anamt.org.br\/portal\/wp-content\/uploads\/2024\/07\/WhatsApp-Image-2024-07-26-at-18.32.06-600x800.jpeg 600w, https:\/\/www.anamt.org.br\/portal\/wp-content\/uploads\/2024\/07\/WhatsApp-Image-2024-07-26-at-18.32.06-768x1024.jpeg 768w, https:\/\/www.anamt.org.br\/portal\/wp-content\/uploads\/2024\/07\/WhatsApp-Image-2024-07-26-at-18.32.06-800x1067.jpeg 800w, https:\/\/www.anamt.org.br\/portal\/wp-content\/uploads\/2024\/07\/WhatsApp-Image-2024-07-26-at-18.32.06.jpeg 960w\" sizes=\"(max-width: 600px) 100vw, 600px\" \/><\/p>\n","protected":false},"excerpt":{"rendered":"<p>O presidente da ANAMT, Dr. Francisco Cortes Fernandes, participou no dia 26 de julho do 2\u00ba Congresso de Medicina Geral da Associa\u00e7\u00e3o M\u00e9dica Brasileira (AMB), onde foi um dos coordenadores da Mesa Redonda de Medicina do Trabalho e Medicina do Traf\u00e9go. As palestras tamb\u00e9m foram coordenadas por Dr. Juarez Molinari, Dr. S\u00e9rgio de Luca e [&hellip;]<\/p>\n","protected":false},"author":5,"featured_media":50242,"comment_status":"closed","ping_status":"closed","sticky":false,"template":"","format":"standard","meta":{"footnotes":""},"categories":[77,8],"tags":[],"_links":{"self":[{"href":"https:\/\/www.anamt.org.br\/portal\/wp-json\/wp\/v2\/posts\/50239"}],"collection":[{"href":"https:\/\/www.anamt.org.br\/portal\/wp-json\/wp\/v2\/posts"}],"about":[{"href":"https:\/\/www.anamt.org.br\/portal\/wp-json\/wp\/v2\/types\/post"}],"author":[{"embeddable":true,"href":"https:\/\/www.anamt.org.br\/portal\/wp-json\/wp\/v2\/users\/5"}],"replies":[{"embeddable":true,"href":"https:\/\/www.anamt.org.br\/portal\/wp-json\/wp\/v2\/comments?post=50239"}],"version-history":[{"count":2,"href":"https:\/\/www.anamt.org.br\/portal\/wp-json\/wp\/v2\/posts\/50239\/revisions"}],"predecessor-version":[{"id":50246,"href":"https:\/\/www.anamt.org.br\/portal\/wp-json\/wp\/v2\/posts\/50239\/revisions\/50246"}],"wp:featuredmedia":[{"embeddable":true,"href":"https:\/\/www.anamt.org.br\/portal\/wp-json\/wp\/v2\/media\/50242"}],"wp:attachment":[{"href":"https:\/\/www.anamt.org.br\/portal\/wp-json\/wp\/v2\/media?parent=50239"}],"wp:term":[{"taxonomy":"category","embeddable":true,"href":"https:\/\/www.anamt.org.br\/portal\/wp-json\/wp\/v2\/categories?post=50239"},{"taxonomy":"post_tag","embeddable":true,"href":"https:\/\/www.anamt.org.br\/portal\/wp-json\/wp\/v2\/tags?post=50239"}],"curies":[{"name":"wp","href":"https:\/\/api.w.org\/{rel}","templated":true}]}}