{"id":50236,"date":"2024-07-23T18:59:25","date_gmt":"2024-07-23T21:59:25","guid":{"rendered":"https:\/\/www.anamt.org.br\/portal\/?p=50236"},"modified":"2024-07-23T18:59:25","modified_gmt":"2024-07-23T21:59:25","slug":"prova-de-titulo-de-especialista-anamt-publica-errata-do-edital","status":"publish","type":"post","link":"https:\/\/www.anamt.org.br\/portal\/2024\/07\/23\/prova-de-titulo-de-especialista-anamt-publica-errata-do-edital\/","title":{"rendered":"Prova de T\u00edtulo de Especialista: ANAMT publica errata do edital"},"content":{"rendered":"<p>A ANAMT publicou a Errata 01 do edital da 53\u00aa Prova de T\u00edtulo de Especialista da ANAMT. O documento pode ser acessado <a href=\"https:\/\/www.anamt.org.br\/portal\/titulo-de-especialista-em-medicina-do-trabalho\/editais-provas-e-resultados\/editais-provas-e-resultados-2015-a-2017\/\" target=\"_blank\" rel=\"noopener\"><strong>nessa p\u00e1gina<\/strong><\/a>, assim como as demais publica\u00e7\u00f5es sobre o exame.<\/p>\n<p>A prova ocorrer\u00e1 em Belo Horizonte (MG) no dia 29 de setembro e ser\u00e1 a \u00fanica edi\u00e7\u00e3o do exame em 2024.<\/p>\n<p>&nbsp;<\/p>\n","protected":false},"excerpt":{"rendered":"<p>A ANAMT publicou a Errata 01 do edital da 53\u00aa Prova de T\u00edtulo de Especialista da ANAMT. O documento pode ser acessado nessa p\u00e1gina, assim como as demais publica\u00e7\u00f5es sobre o exame. A prova ocorrer\u00e1 em Belo Horizonte (MG) no dia 29 de setembro e ser\u00e1 a \u00fanica edi\u00e7\u00e3o do exame em 2024. &nbsp;<\/p>\n","protected":false},"author":5,"featured_media":48293,"comment_status":"closed","ping_status":"closed","sticky":false,"template":"","format":"standard","meta":{"footnotes":""},"categories":[77,8],"tags":[],"_links":{"self":[{"href":"https:\/\/www.anamt.org.br\/portal\/wp-json\/wp\/v2\/posts\/50236"}],"collection":[{"href":"https:\/\/www.anamt.org.br\/portal\/wp-json\/wp\/v2\/posts"}],"about":[{"href":"https:\/\/www.anamt.org.br\/portal\/wp-json\/wp\/v2\/types\/post"}],"author":[{"embeddable":true,"href":"https:\/\/www.anamt.org.br\/portal\/wp-json\/wp\/v2\/users\/5"}],"replies":[{"embeddable":true,"href":"https:\/\/www.anamt.org.br\/portal\/wp-json\/wp\/v2\/comments?post=50236"}],"version-history":[{"count":1,"href":"https:\/\/www.anamt.org.br\/portal\/wp-json\/wp\/v2\/posts\/50236\/revisions"}],"predecessor-version":[{"id":50237,"href":"https:\/\/www.anamt.org.br\/portal\/wp-json\/wp\/v2\/posts\/50236\/revisions\/50237"}],"wp:featuredmedia":[{"embeddable":true,"href":"https:\/\/www.anamt.org.br\/portal\/wp-json\/wp\/v2\/media\/48293"}],"wp:attachment":[{"href":"https:\/\/www.anamt.org.br\/portal\/wp-json\/wp\/v2\/media?parent=50236"}],"wp:term":[{"taxonomy":"category","embeddable":true,"href":"https:\/\/www.anamt.org.br\/portal\/wp-json\/wp\/v2\/categories?post=50236"},{"taxonomy":"post_tag","embeddable":true,"href":"https:\/\/www.anamt.org.br\/portal\/wp-json\/wp\/v2\/tags?post=50236"}],"curies":[{"name":"wp","href":"https:\/\/api.w.org\/{rel}","templated":true}]}}