{"id":50227,"date":"2024-07-17T16:55:28","date_gmt":"2024-07-17T19:55:28","guid":{"rendered":"https:\/\/www.anamt.org.br\/portal\/?p=50227"},"modified":"2024-07-17T16:55:28","modified_gmt":"2024-07-17T19:55:28","slug":"anamt-e-firjan-firmam-acordo-de-cooperacao-tecnica","status":"publish","type":"post","link":"https:\/\/www.anamt.org.br\/portal\/2024\/07\/17\/anamt-e-firjan-firmam-acordo-de-cooperacao-tecnica\/","title":{"rendered":"ANAMT e Firjan firmam acordo de coopera\u00e7\u00e3o t\u00e9cnica"},"content":{"rendered":"<p>Nesta ter\u00e7a (16), o presidente da ANAMT, Dr. Francisco Cortes Fernandes, esteve na Federa\u00e7\u00e3o das Ind\u00fastrias do Estado do Rio de Janeiro (Firjan), na capital fluminense, para assinar um acordo de coopera\u00e7\u00e3o t\u00e9cnica com a entidade.<\/p>\n<p>O conv\u00eanio firmado entre as duas organiza\u00e7\u00f5es prev\u00ea a identifica\u00e7\u00e3o de oportunidade de coopera\u00e7\u00e3o t\u00e9cnica solu\u00e7\u00f5es pr\u00e1ticas para a ind\u00fastria, a\u00e7\u00f5es de inova\u00e7\u00e3o, capacita\u00e7\u00e3o, ensino, pesquisa, co-cria\u00e7\u00e3o com o setor produtivo da ind\u00fastria nas \u00e1reas de sa\u00fade, seguran\u00e7a e promo\u00e7\u00e3o da sa\u00fade, entre outras iniciativas.<\/p>\n<p><img decoding=\"async\" class=\"aligncenter wp-image-50232 size-fusion-600\" src=\"https:\/\/www.anamt.org.br\/portal\/wp-content\/uploads\/2024\/07\/WhatsApp-Image-2024-07-17-at-15.11.41-600x450.jpeg\" alt=\"\" width=\"600\" height=\"450\" srcset=\"https:\/\/www.anamt.org.br\/portal\/wp-content\/uploads\/2024\/07\/WhatsApp-Image-2024-07-17-at-15.11.41-200x150.jpeg 200w, https:\/\/www.anamt.org.br\/portal\/wp-content\/uploads\/2024\/07\/WhatsApp-Image-2024-07-17-at-15.11.41-300x225.jpeg 300w, https:\/\/www.anamt.org.br\/portal\/wp-content\/uploads\/2024\/07\/WhatsApp-Image-2024-07-17-at-15.11.41-400x300.jpeg 400w, https:\/\/www.anamt.org.br\/portal\/wp-content\/uploads\/2024\/07\/WhatsApp-Image-2024-07-17-at-15.11.41-600x450.jpeg 600w, https:\/\/www.anamt.org.br\/portal\/wp-content\/uploads\/2024\/07\/WhatsApp-Image-2024-07-17-at-15.11.41-768x576.jpeg 768w, https:\/\/www.anamt.org.br\/portal\/wp-content\/uploads\/2024\/07\/WhatsApp-Image-2024-07-17-at-15.11.41-800x600.jpeg 800w, https:\/\/www.anamt.org.br\/portal\/wp-content\/uploads\/2024\/07\/WhatsApp-Image-2024-07-17-at-15.11.41-1024x768.jpeg 1024w, https:\/\/www.anamt.org.br\/portal\/wp-content\/uploads\/2024\/07\/WhatsApp-Image-2024-07-17-at-15.11.41-1200x900.jpeg 1200w, https:\/\/www.anamt.org.br\/portal\/wp-content\/uploads\/2024\/07\/WhatsApp-Image-2024-07-17-at-15.11.41.jpeg 1280w\" sizes=\"(max-width: 600px) 100vw, 600px\" \/><\/p>\n<p><img decoding=\"async\" class=\"aligncenter wp-image-50229 size-fusion-400\" src=\"https:\/\/www.anamt.org.br\/portal\/wp-content\/uploads\/2024\/07\/WhatsApp-Image-2024-07-17-at-15.11.42-1-400x533.jpeg\" alt=\"\" width=\"400\" height=\"533\" srcset=\"https:\/\/www.anamt.org.br\/portal\/wp-content\/uploads\/2024\/07\/WhatsApp-Image-2024-07-17-at-15.11.42-1-200x267.jpeg 200w, https:\/\/www.anamt.org.br\/portal\/wp-content\/uploads\/2024\/07\/WhatsApp-Image-2024-07-17-at-15.11.42-1-225x300.jpeg 225w, https:\/\/www.anamt.org.br\/portal\/wp-content\/uploads\/2024\/07\/WhatsApp-Image-2024-07-17-at-15.11.42-1-400x533.jpeg 400w, https:\/\/www.anamt.org.br\/portal\/wp-content\/uploads\/2024\/07\/WhatsApp-Image-2024-07-17-at-15.11.42-1-600x800.jpeg 600w, https:\/\/www.anamt.org.br\/portal\/wp-content\/uploads\/2024\/07\/WhatsApp-Image-2024-07-17-at-15.11.42-1-768x1024.jpeg 768w, https:\/\/www.anamt.org.br\/portal\/wp-content\/uploads\/2024\/07\/WhatsApp-Image-2024-07-17-at-15.11.42-1-800x1067.jpeg 800w, https:\/\/www.anamt.org.br\/portal\/wp-content\/uploads\/2024\/07\/WhatsApp-Image-2024-07-17-at-15.11.42-1-1152x1536.jpeg 1152w, https:\/\/www.anamt.org.br\/portal\/wp-content\/uploads\/2024\/07\/WhatsApp-Image-2024-07-17-at-15.11.42-1.jpeg 1200w\" sizes=\"(max-width: 400px) 100vw, 400px\" \/> <img decoding=\"async\" class=\"aligncenter wp-image-50230 size-fusion-400\" src=\"https:\/\/www.anamt.org.br\/portal\/wp-content\/uploads\/2024\/07\/WhatsApp-Image-2024-07-17-at-15.11.42-400x533.jpeg\" alt=\"\" width=\"400\" height=\"533\" srcset=\"https:\/\/www.anamt.org.br\/portal\/wp-content\/uploads\/2024\/07\/WhatsApp-Image-2024-07-17-at-15.11.42-200x267.jpeg 200w, https:\/\/www.anamt.org.br\/portal\/wp-content\/uploads\/2024\/07\/WhatsApp-Image-2024-07-17-at-15.11.42-225x300.jpeg 225w, https:\/\/www.anamt.org.br\/portal\/wp-content\/uploads\/2024\/07\/WhatsApp-Image-2024-07-17-at-15.11.42-400x533.jpeg 400w, https:\/\/www.anamt.org.br\/portal\/wp-content\/uploads\/2024\/07\/WhatsApp-Image-2024-07-17-at-15.11.42-600x800.jpeg 600w, https:\/\/www.anamt.org.br\/portal\/wp-content\/uploads\/2024\/07\/WhatsApp-Image-2024-07-17-at-15.11.42-768x1024.jpeg 768w, https:\/\/www.anamt.org.br\/portal\/wp-content\/uploads\/2024\/07\/WhatsApp-Image-2024-07-17-at-15.11.42-800x1067.jpeg 800w, https:\/\/www.anamt.org.br\/portal\/wp-content\/uploads\/2024\/07\/WhatsApp-Image-2024-07-17-at-15.11.42-1152x1536.jpeg 1152w, https:\/\/www.anamt.org.br\/portal\/wp-content\/uploads\/2024\/07\/WhatsApp-Image-2024-07-17-at-15.11.42.jpeg 1200w\" sizes=\"(max-width: 400px) 100vw, 400px\" \/> <img decoding=\"async\" class=\"aligncenter wp-image-50231 size-fusion-600\" src=\"https:\/\/www.anamt.org.br\/portal\/wp-content\/uploads\/2024\/07\/WhatsApp-Image-2024-07-17-at-15.11.41-1-600x450.jpeg\" alt=\"\" width=\"600\" height=\"450\" srcset=\"https:\/\/www.anamt.org.br\/portal\/wp-content\/uploads\/2024\/07\/WhatsApp-Image-2024-07-17-at-15.11.41-1-200x150.jpeg 200w, https:\/\/www.anamt.org.br\/portal\/wp-content\/uploads\/2024\/07\/WhatsApp-Image-2024-07-17-at-15.11.41-1-300x225.jpeg 300w, https:\/\/www.anamt.org.br\/portal\/wp-content\/uploads\/2024\/07\/WhatsApp-Image-2024-07-17-at-15.11.41-1-400x300.jpeg 400w, https:\/\/www.anamt.org.br\/portal\/wp-content\/uploads\/2024\/07\/WhatsApp-Image-2024-07-17-at-15.11.41-1-600x450.jpeg 600w, https:\/\/www.anamt.org.br\/portal\/wp-content\/uploads\/2024\/07\/WhatsApp-Image-2024-07-17-at-15.11.41-1-768x576.jpeg 768w, https:\/\/www.anamt.org.br\/portal\/wp-content\/uploads\/2024\/07\/WhatsApp-Image-2024-07-17-at-15.11.41-1-800x600.jpeg 800w, https:\/\/www.anamt.org.br\/portal\/wp-content\/uploads\/2024\/07\/WhatsApp-Image-2024-07-17-at-15.11.41-1-1024x768.jpeg 1024w, https:\/\/www.anamt.org.br\/portal\/wp-content\/uploads\/2024\/07\/WhatsApp-Image-2024-07-17-at-15.11.41-1-1200x900.jpeg 1200w, https:\/\/www.anamt.org.br\/portal\/wp-content\/uploads\/2024\/07\/WhatsApp-Image-2024-07-17-at-15.11.41-1.jpeg 1280w\" sizes=\"(max-width: 600px) 100vw, 600px\" \/><\/p>\n","protected":false},"excerpt":{"rendered":"<p>Nesta ter\u00e7a (16), o presidente da ANAMT, Dr. Francisco Cortes Fernandes, esteve na Federa\u00e7\u00e3o das Ind\u00fastrias do Estado do Rio de Janeiro (Firjan), na capital fluminense, para assinar um acordo de coopera\u00e7\u00e3o t\u00e9cnica com a entidade. O conv\u00eanio firmado entre as duas organiza\u00e7\u00f5es prev\u00ea a identifica\u00e7\u00e3o de oportunidade de coopera\u00e7\u00e3o t\u00e9cnica solu\u00e7\u00f5es pr\u00e1ticas para a [&hellip;]<\/p>\n","protected":false},"author":5,"featured_media":50228,"comment_status":"closed","ping_status":"closed","sticky":false,"template":"","format":"standard","meta":{"footnotes":""},"categories":[77,8],"tags":[],"_links":{"self":[{"href":"https:\/\/www.anamt.org.br\/portal\/wp-json\/wp\/v2\/posts\/50227"}],"collection":[{"href":"https:\/\/www.anamt.org.br\/portal\/wp-json\/wp\/v2\/posts"}],"about":[{"href":"https:\/\/www.anamt.org.br\/portal\/wp-json\/wp\/v2\/types\/post"}],"author":[{"embeddable":true,"href":"https:\/\/www.anamt.org.br\/portal\/wp-json\/wp\/v2\/users\/5"}],"replies":[{"embeddable":true,"href":"https:\/\/www.anamt.org.br\/portal\/wp-json\/wp\/v2\/comments?post=50227"}],"version-history":[{"count":1,"href":"https:\/\/www.anamt.org.br\/portal\/wp-json\/wp\/v2\/posts\/50227\/revisions"}],"predecessor-version":[{"id":50233,"href":"https:\/\/www.anamt.org.br\/portal\/wp-json\/wp\/v2\/posts\/50227\/revisions\/50233"}],"wp:featuredmedia":[{"embeddable":true,"href":"https:\/\/www.anamt.org.br\/portal\/wp-json\/wp\/v2\/media\/50228"}],"wp:attachment":[{"href":"https:\/\/www.anamt.org.br\/portal\/wp-json\/wp\/v2\/media?parent=50227"}],"wp:term":[{"taxonomy":"category","embeddable":true,"href":"https:\/\/www.anamt.org.br\/portal\/wp-json\/wp\/v2\/categories?post=50227"},{"taxonomy":"post_tag","embeddable":true,"href":"https:\/\/www.anamt.org.br\/portal\/wp-json\/wp\/v2\/tags?post=50227"}],"curies":[{"name":"wp","href":"https:\/\/api.w.org\/{rel}","templated":true}]}}