{"id":50206,"date":"2024-07-15T08:49:15","date_gmt":"2024-07-15T11:49:15","guid":{"rendered":"https:\/\/www.anamt.org.br\/portal\/?p=50206"},"modified":"2024-07-15T08:49:15","modified_gmt":"2024-07-15T11:49:15","slug":"53a-prova-de-titulo-de-especialista-prazo-para-regularizacao-se-encerra-no-dia-19-de-julho","status":"publish","type":"post","link":"https:\/\/www.anamt.org.br\/portal\/2024\/07\/15\/53a-prova-de-titulo-de-especialista-prazo-para-regularizacao-se-encerra-no-dia-19-de-julho\/","title":{"rendered":"53\u00aa Prova de T\u00edtulo de Especialista: prazo para regulariza\u00e7\u00e3o se encerra no dia 19 de julho"},"content":{"rendered":"<p>O prazo para realizar a regulariza\u00e7\u00e3o mencionada pela Comiss\u00e3o da Prova de T\u00edtulo se encerra em 19 de julho.<\/p>\n<p>Sem a regulariza\u00e7\u00e3o, a inscri\u00e7\u00e3o no exame ser\u00e1 definitivamente recusada. Mais informa\u00e7\u00f5es sobre a prova est\u00e3o dispon\u00edveis <a href=\"https:\/\/www.anamt.org.br\/portal\/titulo-de-especialista-em-medicina-do-trabalho\/editais-provas-e-resultados\/editais-provas-e-resultados-2015-a-2017\/\" target=\"_blank\" rel=\"noopener\"><strong>aqui<\/strong><\/a>.<\/p>\n","protected":false},"excerpt":{"rendered":"<p>O prazo para realizar a regulariza\u00e7\u00e3o mencionada pela Comiss\u00e3o da Prova de T\u00edtulo se encerra em 19 de julho. Sem a regulariza\u00e7\u00e3o, a inscri\u00e7\u00e3o no exame ser\u00e1 definitivamente recusada. Mais informa\u00e7\u00f5es sobre a prova est\u00e3o dispon\u00edveis aqui.<\/p>\n","protected":false},"author":5,"featured_media":48067,"comment_status":"closed","ping_status":"closed","sticky":false,"template":"","format":"standard","meta":{"footnotes":""},"categories":[77,8],"tags":[],"_links":{"self":[{"href":"https:\/\/www.anamt.org.br\/portal\/wp-json\/wp\/v2\/posts\/50206"}],"collection":[{"href":"https:\/\/www.anamt.org.br\/portal\/wp-json\/wp\/v2\/posts"}],"about":[{"href":"https:\/\/www.anamt.org.br\/portal\/wp-json\/wp\/v2\/types\/post"}],"author":[{"embeddable":true,"href":"https:\/\/www.anamt.org.br\/portal\/wp-json\/wp\/v2\/users\/5"}],"replies":[{"embeddable":true,"href":"https:\/\/www.anamt.org.br\/portal\/wp-json\/wp\/v2\/comments?post=50206"}],"version-history":[{"count":1,"href":"https:\/\/www.anamt.org.br\/portal\/wp-json\/wp\/v2\/posts\/50206\/revisions"}],"predecessor-version":[{"id":50207,"href":"https:\/\/www.anamt.org.br\/portal\/wp-json\/wp\/v2\/posts\/50206\/revisions\/50207"}],"wp:featuredmedia":[{"embeddable":true,"href":"https:\/\/www.anamt.org.br\/portal\/wp-json\/wp\/v2\/media\/48067"}],"wp:attachment":[{"href":"https:\/\/www.anamt.org.br\/portal\/wp-json\/wp\/v2\/media?parent=50206"}],"wp:term":[{"taxonomy":"category","embeddable":true,"href":"https:\/\/www.anamt.org.br\/portal\/wp-json\/wp\/v2\/categories?post=50206"},{"taxonomy":"post_tag","embeddable":true,"href":"https:\/\/www.anamt.org.br\/portal\/wp-json\/wp\/v2\/tags?post=50206"}],"curies":[{"name":"wp","href":"https:\/\/api.w.org\/{rel}","templated":true}]}}