{"id":50196,"date":"2024-07-11T15:25:57","date_gmt":"2024-07-11T18:25:57","guid":{"rendered":"https:\/\/www.anamt.org.br\/portal\/?p=50196"},"modified":"2024-07-12T08:44:51","modified_gmt":"2024-07-12T11:44:51","slug":"21o-congresso-nacional-anamt-presidente-da-associacao-visita-usiminas-em-ipatinga","status":"publish","type":"post","link":"https:\/\/www.anamt.org.br\/portal\/2024\/07\/11\/21o-congresso-nacional-anamt-presidente-da-associacao-visita-usiminas-em-ipatinga\/","title":{"rendered":"21\u00ba Congresso Nacional ANAMT: presidente da Associa\u00e7\u00e3o visita Funda\u00e7\u00e3o S\u00e3o Francisco Xavier e Usiminas em Ipatinga"},"content":{"rendered":"<p>O presidente da ANAMT, Dr. Francisco Cortes Fernandes, esteve na Funda\u00e7\u00e3o S\u00e3o Francisco Xavier, em Minas Gerais, entidade parceira da gest\u00e3o de sa\u00fade da Usiminas. A reuni\u00e3o teve como tema principal o 21\u00ba Congresso Nacional ANAMT, que ocorre em Belo Horizonte (MG) entre os dias 30 de setembro e 2 de outubro. Na ocasi\u00e3o, ele tamb\u00e9m esteve na Usiminas, em Ipatinga (MG).<\/p>\n<p><img decoding=\"async\" class=\"aligncenter wp-image-50199 size-fusion-600\" src=\"https:\/\/www.anamt.org.br\/portal\/wp-content\/uploads\/2024\/07\/WhatsApp-Image-2024-07-11-at-14.24.19-600x450.jpeg\" alt=\"\" width=\"600\" height=\"450\" srcset=\"https:\/\/www.anamt.org.br\/portal\/wp-content\/uploads\/2024\/07\/WhatsApp-Image-2024-07-11-at-14.24.19-200x150.jpeg 200w, https:\/\/www.anamt.org.br\/portal\/wp-content\/uploads\/2024\/07\/WhatsApp-Image-2024-07-11-at-14.24.19-300x225.jpeg 300w, https:\/\/www.anamt.org.br\/portal\/wp-content\/uploads\/2024\/07\/WhatsApp-Image-2024-07-11-at-14.24.19-400x300.jpeg 400w, https:\/\/www.anamt.org.br\/portal\/wp-content\/uploads\/2024\/07\/WhatsApp-Image-2024-07-11-at-14.24.19-600x450.jpeg 600w, https:\/\/www.anamt.org.br\/portal\/wp-content\/uploads\/2024\/07\/WhatsApp-Image-2024-07-11-at-14.24.19-768x576.jpeg 768w, https:\/\/www.anamt.org.br\/portal\/wp-content\/uploads\/2024\/07\/WhatsApp-Image-2024-07-11-at-14.24.19-800x600.jpeg 800w, https:\/\/www.anamt.org.br\/portal\/wp-content\/uploads\/2024\/07\/WhatsApp-Image-2024-07-11-at-14.24.19-1024x768.jpeg 1024w, https:\/\/www.anamt.org.br\/portal\/wp-content\/uploads\/2024\/07\/WhatsApp-Image-2024-07-11-at-14.24.19-1200x900.jpeg 1200w, https:\/\/www.anamt.org.br\/portal\/wp-content\/uploads\/2024\/07\/WhatsApp-Image-2024-07-11-at-14.24.19-1536x1152.jpeg 1536w, https:\/\/www.anamt.org.br\/portal\/wp-content\/uploads\/2024\/07\/WhatsApp-Image-2024-07-11-at-14.24.19.jpeg 1600w\" sizes=\"(max-width: 600px) 100vw, 600px\" \/><\/p>\n<p><img decoding=\"async\" class=\"aligncenter wp-image-50197 size-fusion-600\" src=\"https:\/\/www.anamt.org.br\/portal\/wp-content\/uploads\/2024\/07\/WhatsApp-Image-2024-07-11-at-14.24.20-600x450.jpeg\" alt=\"\" width=\"600\" height=\"450\" srcset=\"https:\/\/www.anamt.org.br\/portal\/wp-content\/uploads\/2024\/07\/WhatsApp-Image-2024-07-11-at-14.24.20-200x150.jpeg 200w, https:\/\/www.anamt.org.br\/portal\/wp-content\/uploads\/2024\/07\/WhatsApp-Image-2024-07-11-at-14.24.20-300x225.jpeg 300w, https:\/\/www.anamt.org.br\/portal\/wp-content\/uploads\/2024\/07\/WhatsApp-Image-2024-07-11-at-14.24.20-400x300.jpeg 400w, https:\/\/www.anamt.org.br\/portal\/wp-content\/uploads\/2024\/07\/WhatsApp-Image-2024-07-11-at-14.24.20-600x450.jpeg 600w, https:\/\/www.anamt.org.br\/portal\/wp-content\/uploads\/2024\/07\/WhatsApp-Image-2024-07-11-at-14.24.20-768x576.jpeg 768w, https:\/\/www.anamt.org.br\/portal\/wp-content\/uploads\/2024\/07\/WhatsApp-Image-2024-07-11-at-14.24.20-800x600.jpeg 800w, https:\/\/www.anamt.org.br\/portal\/wp-content\/uploads\/2024\/07\/WhatsApp-Image-2024-07-11-at-14.24.20-1024x768.jpeg 1024w, https:\/\/www.anamt.org.br\/portal\/wp-content\/uploads\/2024\/07\/WhatsApp-Image-2024-07-11-at-14.24.20-1200x900.jpeg 1200w, https:\/\/www.anamt.org.br\/portal\/wp-content\/uploads\/2024\/07\/WhatsApp-Image-2024-07-11-at-14.24.20-1536x1152.jpeg 1536w, https:\/\/www.anamt.org.br\/portal\/wp-content\/uploads\/2024\/07\/WhatsApp-Image-2024-07-11-at-14.24.20.jpeg 1600w\" sizes=\"(max-width: 600px) 100vw, 600px\" \/><\/p>\n<p><img decoding=\"async\" class=\"aligncenter wp-image-50198 size-fusion-600\" src=\"https:\/\/www.anamt.org.br\/portal\/wp-content\/uploads\/2024\/07\/WhatsApp-Image-2024-07-11-at-14.24.19-1-600x450.jpeg\" alt=\"\" width=\"600\" height=\"450\" srcset=\"https:\/\/www.anamt.org.br\/portal\/wp-content\/uploads\/2024\/07\/WhatsApp-Image-2024-07-11-at-14.24.19-1-200x150.jpeg 200w, https:\/\/www.anamt.org.br\/portal\/wp-content\/uploads\/2024\/07\/WhatsApp-Image-2024-07-11-at-14.24.19-1-300x225.jpeg 300w, https:\/\/www.anamt.org.br\/portal\/wp-content\/uploads\/2024\/07\/WhatsApp-Image-2024-07-11-at-14.24.19-1-400x300.jpeg 400w, https:\/\/www.anamt.org.br\/portal\/wp-content\/uploads\/2024\/07\/WhatsApp-Image-2024-07-11-at-14.24.19-1-600x450.jpeg 600w, https:\/\/www.anamt.org.br\/portal\/wp-content\/uploads\/2024\/07\/WhatsApp-Image-2024-07-11-at-14.24.19-1-768x576.jpeg 768w, https:\/\/www.anamt.org.br\/portal\/wp-content\/uploads\/2024\/07\/WhatsApp-Image-2024-07-11-at-14.24.19-1-800x600.jpeg 800w, https:\/\/www.anamt.org.br\/portal\/wp-content\/uploads\/2024\/07\/WhatsApp-Image-2024-07-11-at-14.24.19-1-1024x768.jpeg 1024w, https:\/\/www.anamt.org.br\/portal\/wp-content\/uploads\/2024\/07\/WhatsApp-Image-2024-07-11-at-14.24.19-1-1200x900.jpeg 1200w, https:\/\/www.anamt.org.br\/portal\/wp-content\/uploads\/2024\/07\/WhatsApp-Image-2024-07-11-at-14.24.19-1-1536x1152.jpeg 1536w, https:\/\/www.anamt.org.br\/portal\/wp-content\/uploads\/2024\/07\/WhatsApp-Image-2024-07-11-at-14.24.19-1.jpeg 1600w\" sizes=\"(max-width: 600px) 100vw, 600px\" \/><\/p>\n<p><img decoding=\"async\" class=\"aligncenter wp-image-50203 size-fusion-600\" src=\"https:\/\/www.anamt.org.br\/portal\/wp-content\/uploads\/2024\/07\/WhatsApp-Image-2024-07-12-at-08.20.42-600x450.jpeg\" alt=\"\" width=\"600\" height=\"450\" srcset=\"https:\/\/www.anamt.org.br\/portal\/wp-content\/uploads\/2024\/07\/WhatsApp-Image-2024-07-12-at-08.20.42-200x150.jpeg 200w, https:\/\/www.anamt.org.br\/portal\/wp-content\/uploads\/2024\/07\/WhatsApp-Image-2024-07-12-at-08.20.42-300x225.jpeg 300w, https:\/\/www.anamt.org.br\/portal\/wp-content\/uploads\/2024\/07\/WhatsApp-Image-2024-07-12-at-08.20.42-400x300.jpeg 400w, https:\/\/www.anamt.org.br\/portal\/wp-content\/uploads\/2024\/07\/WhatsApp-Image-2024-07-12-at-08.20.42-600x450.jpeg 600w, https:\/\/www.anamt.org.br\/portal\/wp-content\/uploads\/2024\/07\/WhatsApp-Image-2024-07-12-at-08.20.42-768x576.jpeg 768w, https:\/\/www.anamt.org.br\/portal\/wp-content\/uploads\/2024\/07\/WhatsApp-Image-2024-07-12-at-08.20.42-800x600.jpeg 800w, https:\/\/www.anamt.org.br\/portal\/wp-content\/uploads\/2024\/07\/WhatsApp-Image-2024-07-12-at-08.20.42-1024x768.jpeg 1024w, https:\/\/www.anamt.org.br\/portal\/wp-content\/uploads\/2024\/07\/WhatsApp-Image-2024-07-12-at-08.20.42-1200x900.jpeg 1200w, https:\/\/www.anamt.org.br\/portal\/wp-content\/uploads\/2024\/07\/WhatsApp-Image-2024-07-12-at-08.20.42-1536x1152.jpeg 1536w, https:\/\/www.anamt.org.br\/portal\/wp-content\/uploads\/2024\/07\/WhatsApp-Image-2024-07-12-at-08.20.42.jpeg 1600w\" sizes=\"(max-width: 600px) 100vw, 600px\" \/><\/p>\n<p>&nbsp;<\/p>\n","protected":false},"excerpt":{"rendered":"<p>O presidente da ANAMT, Dr. Francisco Cortes Fernandes, esteve na Funda\u00e7\u00e3o S\u00e3o Francisco Xavier, em Minas Gerais, entidade parceira da gest\u00e3o de sa\u00fade da Usiminas. A reuni\u00e3o teve como tema principal o 21\u00ba Congresso Nacional ANAMT, que ocorre em Belo Horizonte (MG) entre os dias 30 de setembro e 2 de outubro. Na ocasi\u00e3o, ele [&hellip;]<\/p>\n","protected":false},"author":5,"featured_media":50200,"comment_status":"closed","ping_status":"closed","sticky":false,"template":"","format":"standard","meta":{"footnotes":""},"categories":[77,8],"tags":[],"_links":{"self":[{"href":"https:\/\/www.anamt.org.br\/portal\/wp-json\/wp\/v2\/posts\/50196"}],"collection":[{"href":"https:\/\/www.anamt.org.br\/portal\/wp-json\/wp\/v2\/posts"}],"about":[{"href":"https:\/\/www.anamt.org.br\/portal\/wp-json\/wp\/v2\/types\/post"}],"author":[{"embeddable":true,"href":"https:\/\/www.anamt.org.br\/portal\/wp-json\/wp\/v2\/users\/5"}],"replies":[{"embeddable":true,"href":"https:\/\/www.anamt.org.br\/portal\/wp-json\/wp\/v2\/comments?post=50196"}],"version-history":[{"count":2,"href":"https:\/\/www.anamt.org.br\/portal\/wp-json\/wp\/v2\/posts\/50196\/revisions"}],"predecessor-version":[{"id":50205,"href":"https:\/\/www.anamt.org.br\/portal\/wp-json\/wp\/v2\/posts\/50196\/revisions\/50205"}],"wp:featuredmedia":[{"embeddable":true,"href":"https:\/\/www.anamt.org.br\/portal\/wp-json\/wp\/v2\/media\/50200"}],"wp:attachment":[{"href":"https:\/\/www.anamt.org.br\/portal\/wp-json\/wp\/v2\/media?parent=50196"}],"wp:term":[{"taxonomy":"category","embeddable":true,"href":"https:\/\/www.anamt.org.br\/portal\/wp-json\/wp\/v2\/categories?post=50196"},{"taxonomy":"post_tag","embeddable":true,"href":"https:\/\/www.anamt.org.br\/portal\/wp-json\/wp\/v2\/tags?post=50196"}],"curies":[{"name":"wp","href":"https:\/\/api.w.org\/{rel}","templated":true}]}}