{"id":50184,"date":"2024-07-09T08:20:14","date_gmt":"2024-07-09T11:20:14","guid":{"rendered":"https:\/\/www.anamt.org.br\/portal\/?p=50184"},"modified":"2024-07-09T08:20:14","modified_gmt":"2024-07-09T11:20:14","slug":"resolucao-do-cfm-no-2-381-orienta-a-correta-elaboracao-de-documentos-medicos-para-protecao-juridica-dos-profissionais-e-pacientes","status":"publish","type":"post","link":"https:\/\/www.anamt.org.br\/portal\/2024\/07\/09\/resolucao-do-cfm-no-2-381-orienta-a-correta-elaboracao-de-documentos-medicos-para-protecao-juridica-dos-profissionais-e-pacientes\/","title":{"rendered":"Resolu\u00e7\u00e3o do CFM n\u00ba 2.381 orienta a correta elabora\u00e7\u00e3o de documentos m\u00e9dicos para prote\u00e7\u00e3o jur\u00eddica dos profissionais e pacientes"},"content":{"rendered":"<p>Os m\u00e9dicos do trabalho devem estar atentos ao que determina a Resolu\u00e7\u00e3o CFM n\u00ba 2.381, publicada no Di\u00e1rio Oficial da Uni\u00e3o (DOU) no dia 2 de julho. O dispositivo trata da elabora\u00e7\u00e3o de documentos m\u00e9dicos e destaca as repercuss\u00f5es e responsabilidades desses documentos no \u00e2mbito civil, penal e administrativo. As exig\u00eancias legais embasam a padroniza\u00e7\u00e3o proposta pelo Conselho, de forma a proteger juridicamente m\u00e9dicos e pacientes. Para esclarecer a import\u00e2ncia do documento, o Dr. Alberthy Ogliari, assessor Jur\u00eddico da ANAMT, destacou alguns pontos.<\/p>\n<p>\u201cA Resolu\u00e7\u00e3o traz importantes esclarecimentos e padroniza\u00e7\u00f5es sobre a emiss\u00e3o de documentos m\u00e9dicos, o que tamb\u00e9m impacta diretamente a rotina dos m\u00e9dicos do trabalho. A norma fornece diretrizes claras sobre a forma e o conte\u00fado que esses documentos devem ter, refor\u00e7ando a responsabilidade dos m\u00e9dicos na elabora\u00e7\u00e3o e emiss\u00e3o dos mesmos\u201d, destacou Dr. Ogliari.<\/p>\n<p>A nova regulamenta\u00e7\u00e3o, composta por nove artigos, d\u00e1 mais clareza aos documentos m\u00e9dicos, destaca a finalidade de cada um e cria normas para o respectivo preenchimento.<\/p>\n<p>Como enfatizou o assessor jur\u00eddico da ANAMT, \u201ctodos os pontos da Resolu\u00e7\u00e3o s\u00e3o importantes para os m\u00e9dicos do trabalho, por\u00e9m, destacamos a defini\u00e7\u00e3o precisa dos diferentes tipos de documentos m\u00e9dicos, como o atestado de sa\u00fade ocupacional (ASO) e o relat\u00f3rio m\u00e9dico especializado. Estes s\u00e3o particularmente relevantes para os m\u00e9dicos do trabalho, pois garantem que os documentos emitidos sejam padronizados e cumpram as normas \u00e9ticas e legais, proporcionando maior seguran\u00e7a jur\u00eddica e clareza para os trabalhadores e empregadores\u201d.<\/p>\n<p>Caber\u00e1 aos m\u00e9dicos do trabalho e de outras especialidades preencher os documentos m\u00e9dicos com os requisitos essenciais previstos na Resolu\u00e7\u00e3o, de acordo com cada tipo de documento, como explica Dr. Alberthy Ogliari.<\/p>\n<p>\u201cA principal mudan\u00e7a para os m\u00e9dicos do trabalho \u00e9 a padroniza\u00e7\u00e3o e detalhamento das exig\u00eancias para a emiss\u00e3o de documentos m\u00e9dicos. A Resolu\u00e7\u00e3o especifica quais as informa\u00e7\u00f5es devem constar nos documentos, como identifica\u00e7\u00e3o do m\u00e9dico e do paciente, data de emiss\u00e3o, assinatura, e outros detalhes essenciais. Isso aumenta a responsabilidade dos m\u00e9dicos do trabalho na correta elabora\u00e7\u00e3o desses documentos e minimiza o risco de problemas legais\u201d, pontua.<\/p>\n<p>De acordo com o assessor Jur\u00eddico, \u00e9 imprescind\u00edvel o cumprimento da Resolu\u00e7\u00e3o para reduzir de forma significativa os riscos de problemas jur\u00eddicos na \u00e1rea c\u00edvel. Ao seguir as diretrizes estabelecidas, os m\u00e9dicos do trabalho asseguram que os documentos emitidos sejam v\u00e1lidos e estejam em conformidade com as normas legais e \u00e9ticas, protegendo tanto o m\u00e9dico quanto o paciente de poss\u00edveis lit\u00edgios,\u201d ressaltou o advogado.<\/p>\n<p>O dispositivo do CFM imp\u00f5e aos m\u00e9dicos do trabalho adapta\u00e7\u00e3o \u00e0s novas diretrizes para a emiss\u00e3o de documentos m\u00e9dicos. \u201c\u00c9 essencial que todos os documentos emitidos sejam revisados para garantir que contenham todas as informa\u00e7\u00f5es exigidas pela Resolu\u00e7\u00e3o. Al\u00e9m disso, devem estar atentos \u00e0s atualiza\u00e7\u00f5es normativas e participar de treinamentos ou capacita\u00e7\u00f5es que possam ser oferecidas sobre o tema\u201d, enfatizou o assessor.<\/p>\n<p>Para Dr. Alberthy Ogliari, \u00e9 importante ressaltar que a Resolu\u00e7\u00e3o tamb\u00e9m refor\u00e7a a import\u00e2ncia da \u00e9tica na emiss\u00e3o de documentos m\u00e9dicos.<\/p>\n<p>\u201cOs m\u00e9dicos do trabalho devem estar sempre atentos \u00e0 veracidade das informa\u00e7\u00f5es fornecidas e garantir que os documentos reflitam fielmente a condi\u00e7\u00e3o do paciente. Al\u00e9m disso, a resolu\u00e7\u00e3o enfatiza a necessidade de sigilo e prote\u00e7\u00e3o dos dados sens\u00edveis dos pacientes, conforme previsto na Lei Geral de Prote\u00e7\u00e3o de Dados (Lei n\u00ba 13.709\/2018)\u201d, finalizou o especialista.<\/p>\n","protected":false},"excerpt":{"rendered":"<p>Os m\u00e9dicos do trabalho devem estar atentos ao que determina a Resolu\u00e7\u00e3o CFM n\u00ba 2.381, publicada no Di\u00e1rio Oficial da Uni\u00e3o (DOU) no dia 2 de julho. O dispositivo trata da elabora\u00e7\u00e3o de documentos m\u00e9dicos e destaca as repercuss\u00f5es e responsabilidades desses documentos no \u00e2mbito civil, penal e administrativo. As exig\u00eancias legais embasam a padroniza\u00e7\u00e3o [&hellip;]<\/p>\n","protected":false},"author":5,"featured_media":41066,"comment_status":"closed","ping_status":"closed","sticky":false,"template":"","format":"standard","meta":{"footnotes":""},"categories":[77,79,8],"tags":[],"_links":{"self":[{"href":"https:\/\/www.anamt.org.br\/portal\/wp-json\/wp\/v2\/posts\/50184"}],"collection":[{"href":"https:\/\/www.anamt.org.br\/portal\/wp-json\/wp\/v2\/posts"}],"about":[{"href":"https:\/\/www.anamt.org.br\/portal\/wp-json\/wp\/v2\/types\/post"}],"author":[{"embeddable":true,"href":"https:\/\/www.anamt.org.br\/portal\/wp-json\/wp\/v2\/users\/5"}],"replies":[{"embeddable":true,"href":"https:\/\/www.anamt.org.br\/portal\/wp-json\/wp\/v2\/comments?post=50184"}],"version-history":[{"count":1,"href":"https:\/\/www.anamt.org.br\/portal\/wp-json\/wp\/v2\/posts\/50184\/revisions"}],"predecessor-version":[{"id":50185,"href":"https:\/\/www.anamt.org.br\/portal\/wp-json\/wp\/v2\/posts\/50184\/revisions\/50185"}],"wp:featuredmedia":[{"embeddable":true,"href":"https:\/\/www.anamt.org.br\/portal\/wp-json\/wp\/v2\/media\/41066"}],"wp:attachment":[{"href":"https:\/\/www.anamt.org.br\/portal\/wp-json\/wp\/v2\/media?parent=50184"}],"wp:term":[{"taxonomy":"category","embeddable":true,"href":"https:\/\/www.anamt.org.br\/portal\/wp-json\/wp\/v2\/categories?post=50184"},{"taxonomy":"post_tag","embeddable":true,"href":"https:\/\/www.anamt.org.br\/portal\/wp-json\/wp\/v2\/tags?post=50184"}],"curies":[{"name":"wp","href":"https:\/\/api.w.org\/{rel}","templated":true}]}}