{"id":50162,"date":"2024-07-04T08:08:39","date_gmt":"2024-07-04T11:08:39","guid":{"rendered":"https:\/\/www.anamt.org.br\/portal\/?p=50162"},"modified":"2024-07-04T16:47:38","modified_gmt":"2024-07-04T19:47:38","slug":"prova-de-titulo-de-especialista-duvidas-sobre-podem-esclarecidas-ate-5-de-julho","status":"publish","type":"post","link":"https:\/\/www.anamt.org.br\/portal\/2024\/07\/04\/prova-de-titulo-de-especialista-duvidas-sobre-podem-esclarecidas-ate-5-de-julho\/","title":{"rendered":"Prova de T\u00edtulo: ANAMT refor\u00e7a prazo para pagamento da anuidade aos candidatos que desejam obter o desconto exclusivo"},"content":{"rendered":"<p>As inscri\u00e7\u00f5es para a 53\u00aa Prova de T\u00edtulo de Especialista em Medicina do Trabalho encerram no pr\u00f3ximo dia 7 de julho. Associados adimplentes da ANAMT t\u00eam 50% de desconto na inscri\u00e7\u00e3o para a prova. Por\u00e9m, \u00e9 preciso que o candidato se atente ao prazo para a obten\u00e7\u00e3o da declara\u00e7\u00e3o de associado. Para o pagamento em boleto, a quita\u00e7\u00e3o deve ser feita no m\u00ednio 48 horas antes do prazo final das inscri\u00e7\u00f5es. Portanto, n\u00e3o deixe para \u00faltima hora!<\/p>\n<p>Neste ano, o exame ser\u00e1 aplicado no dia 29 de setembro, em Belo Horizonte (MG), e ser\u00e1 a \u00fanica edi\u00e7\u00e3o da prova em 2024. O edital pode ser acessado <a href=\"https:\/\/www.anamt.org.br\/portal\/wp-content\/uploads\/2024\/06\/EDITAL-DA-53-PROVA-DE-TITULO-DE-ESPECIALISTA-EM-MEDICINA-DO-TRABALHO-2024-VF2.pdf\" target=\"_blank\" rel=\"noopener\"><strong>aqui<\/strong><\/a> e demais documentos est\u00e3o dispon\u00edveis <a href=\"https:\/\/www.anamt.org.br\/portal\/titulo-de-especialista-em-medicina-do-trabalho\/editais-provas-e-resultados\/editais-provas-e-resultados-2015-a-2017\/\" target=\"_blank\" rel=\"noopener\"><strong>aqui<\/strong><\/a>.<\/p>\n<p>Esclarecimentos<\/p>\n<p>Os esclarecimentos sobre a Prova de T\u00edtulo de Especialista em Medicina do Trabalho ocorrem at\u00e9 esta sexta-feira (5), conforme o edital, exclusivamente pelo e-mail titulo@anamt.org.br. A ANAMT tamb\u00e9m disponibiliza um tutorial sobre as inscri\u00e7\u00f5es, que consta no Painel do Candidato, na \u00c1rea de Candidato \u2013 Prova de T\u00edtulo. Clique <a href=\"https:\/\/sistemasanamt.org.br\/anamt\/site\/videos\/001-tutorial-pre-requisitos-prova-titulo.mp4\" target=\"_blank\" rel=\"noopener\"><strong>aqui<\/strong><\/a> para acessar.<\/p>\n","protected":false},"excerpt":{"rendered":"<p>As inscri\u00e7\u00f5es para a 53\u00aa Prova de T\u00edtulo de Especialista em Medicina do Trabalho encerram no pr\u00f3ximo dia 7 de julho. Associados adimplentes da ANAMT t\u00eam 50% de desconto na inscri\u00e7\u00e3o para a prova. Por\u00e9m, \u00e9 preciso que o candidato se atente ao prazo para a obten\u00e7\u00e3o da declara\u00e7\u00e3o de associado. Para o pagamento em [&hellip;]<\/p>\n","protected":false},"author":5,"featured_media":48731,"comment_status":"closed","ping_status":"closed","sticky":false,"template":"","format":"standard","meta":{"footnotes":""},"categories":[77,8],"tags":[],"_links":{"self":[{"href":"https:\/\/www.anamt.org.br\/portal\/wp-json\/wp\/v2\/posts\/50162"}],"collection":[{"href":"https:\/\/www.anamt.org.br\/portal\/wp-json\/wp\/v2\/posts"}],"about":[{"href":"https:\/\/www.anamt.org.br\/portal\/wp-json\/wp\/v2\/types\/post"}],"author":[{"embeddable":true,"href":"https:\/\/www.anamt.org.br\/portal\/wp-json\/wp\/v2\/users\/5"}],"replies":[{"embeddable":true,"href":"https:\/\/www.anamt.org.br\/portal\/wp-json\/wp\/v2\/comments?post=50162"}],"version-history":[{"count":2,"href":"https:\/\/www.anamt.org.br\/portal\/wp-json\/wp\/v2\/posts\/50162\/revisions"}],"predecessor-version":[{"id":50176,"href":"https:\/\/www.anamt.org.br\/portal\/wp-json\/wp\/v2\/posts\/50162\/revisions\/50176"}],"wp:featuredmedia":[{"embeddable":true,"href":"https:\/\/www.anamt.org.br\/portal\/wp-json\/wp\/v2\/media\/48731"}],"wp:attachment":[{"href":"https:\/\/www.anamt.org.br\/portal\/wp-json\/wp\/v2\/media?parent=50162"}],"wp:term":[{"taxonomy":"category","embeddable":true,"href":"https:\/\/www.anamt.org.br\/portal\/wp-json\/wp\/v2\/categories?post=50162"},{"taxonomy":"post_tag","embeddable":true,"href":"https:\/\/www.anamt.org.br\/portal\/wp-json\/wp\/v2\/tags?post=50162"}],"curies":[{"name":"wp","href":"https:\/\/api.w.org\/{rel}","templated":true}]}}