{"id":50131,"date":"2024-06-25T14:41:37","date_gmt":"2024-06-25T17:41:37","guid":{"rendered":"https:\/\/www.anamt.org.br\/portal\/?p=50131"},"modified":"2024-06-25T14:41:37","modified_gmt":"2024-06-25T17:41:37","slug":"anamt-participa-do-8o-congresso-paulista-de-medicina-do-trabalho","status":"publish","type":"post","link":"https:\/\/www.anamt.org.br\/portal\/2024\/06\/25\/anamt-participa-do-8o-congresso-paulista-de-medicina-do-trabalho\/","title":{"rendered":"ANAMT participa do 8\u00ba Congresso Paulista de Medicina do Trabalho"},"content":{"rendered":"<p>O presidente da ANAMT, Dr. Francisco Cortes Fernandes, participou do 8\u00ba Congresso Paulista de Medicina do Trabalho, evento realizado pela Associa\u00e7\u00e3o Paulista de Medicina do Trabalho entre os dias 20 e 22 de junho. A Contribui\u00e7\u00e3o da Medicina do Trabalho Para o Desenvolvimento Socioecon\u00f4mico Sustent\u00e1vel foi o tema central do Congresso.<\/p>\n<p><img decoding=\"async\" class=\"aligncenter wp-image-50135 size-fusion-600\" src=\"https:\/\/www.anamt.org.br\/portal\/wp-content\/uploads\/2024\/06\/WhatsApp-Image-2024-06-25-at-13.58.17-2-600x400.jpeg\" alt=\"\" width=\"600\" height=\"400\" srcset=\"https:\/\/www.anamt.org.br\/portal\/wp-content\/uploads\/2024\/06\/WhatsApp-Image-2024-06-25-at-13.58.17-2-200x133.jpeg 200w, https:\/\/www.anamt.org.br\/portal\/wp-content\/uploads\/2024\/06\/WhatsApp-Image-2024-06-25-at-13.58.17-2-300x200.jpeg 300w, https:\/\/www.anamt.org.br\/portal\/wp-content\/uploads\/2024\/06\/WhatsApp-Image-2024-06-25-at-13.58.17-2-400x267.jpeg 400w, https:\/\/www.anamt.org.br\/portal\/wp-content\/uploads\/2024\/06\/WhatsApp-Image-2024-06-25-at-13.58.17-2-600x400.jpeg 600w, https:\/\/www.anamt.org.br\/portal\/wp-content\/uploads\/2024\/06\/WhatsApp-Image-2024-06-25-at-13.58.17-2-768x512.jpeg 768w, https:\/\/www.anamt.org.br\/portal\/wp-content\/uploads\/2024\/06\/WhatsApp-Image-2024-06-25-at-13.58.17-2-800x533.jpeg 800w, https:\/\/www.anamt.org.br\/portal\/wp-content\/uploads\/2024\/06\/WhatsApp-Image-2024-06-25-at-13.58.17-2-1024x683.jpeg 1024w, https:\/\/www.anamt.org.br\/portal\/wp-content\/uploads\/2024\/06\/WhatsApp-Image-2024-06-25-at-13.58.17-2-1200x800.jpeg 1200w, https:\/\/www.anamt.org.br\/portal\/wp-content\/uploads\/2024\/06\/WhatsApp-Image-2024-06-25-at-13.58.17-2.jpeg 1440w\" sizes=\"(max-width: 600px) 100vw, 600px\" \/><\/p>\n<p><img decoding=\"async\" class=\"aligncenter wp-image-50133 size-fusion-600\" src=\"https:\/\/www.anamt.org.br\/portal\/wp-content\/uploads\/2024\/06\/WhatsApp-Image-2024-06-25-at-13.58.18-2-600x400.jpeg\" alt=\"\" width=\"600\" height=\"400\" srcset=\"https:\/\/www.anamt.org.br\/portal\/wp-content\/uploads\/2024\/06\/WhatsApp-Image-2024-06-25-at-13.58.18-2-200x133.jpeg 200w, https:\/\/www.anamt.org.br\/portal\/wp-content\/uploads\/2024\/06\/WhatsApp-Image-2024-06-25-at-13.58.18-2-300x200.jpeg 300w, https:\/\/www.anamt.org.br\/portal\/wp-content\/uploads\/2024\/06\/WhatsApp-Image-2024-06-25-at-13.58.18-2-400x267.jpeg 400w, https:\/\/www.anamt.org.br\/portal\/wp-content\/uploads\/2024\/06\/WhatsApp-Image-2024-06-25-at-13.58.18-2-600x400.jpeg 600w, https:\/\/www.anamt.org.br\/portal\/wp-content\/uploads\/2024\/06\/WhatsApp-Image-2024-06-25-at-13.58.18-2-768x512.jpeg 768w, https:\/\/www.anamt.org.br\/portal\/wp-content\/uploads\/2024\/06\/WhatsApp-Image-2024-06-25-at-13.58.18-2-800x533.jpeg 800w, https:\/\/www.anamt.org.br\/portal\/wp-content\/uploads\/2024\/06\/WhatsApp-Image-2024-06-25-at-13.58.18-2-1024x683.jpeg 1024w, https:\/\/www.anamt.org.br\/portal\/wp-content\/uploads\/2024\/06\/WhatsApp-Image-2024-06-25-at-13.58.18-2-1200x800.jpeg 1200w, https:\/\/www.anamt.org.br\/portal\/wp-content\/uploads\/2024\/06\/WhatsApp-Image-2024-06-25-at-13.58.18-2.jpeg 1440w\" sizes=\"(max-width: 600px) 100vw, 600px\" \/><\/p>\n<p><img decoding=\"async\" class=\"aligncenter wp-image-50134 size-fusion-600\" src=\"https:\/\/www.anamt.org.br\/portal\/wp-content\/uploads\/2024\/06\/WhatsApp-Image-2024-06-25-at-13.58.18-1-600x400.jpeg\" alt=\"\" width=\"600\" height=\"400\" srcset=\"https:\/\/www.anamt.org.br\/portal\/wp-content\/uploads\/2024\/06\/WhatsApp-Image-2024-06-25-at-13.58.18-1-200x133.jpeg 200w, https:\/\/www.anamt.org.br\/portal\/wp-content\/uploads\/2024\/06\/WhatsApp-Image-2024-06-25-at-13.58.18-1-300x200.jpeg 300w, https:\/\/www.anamt.org.br\/portal\/wp-content\/uploads\/2024\/06\/WhatsApp-Image-2024-06-25-at-13.58.18-1-400x267.jpeg 400w, https:\/\/www.anamt.org.br\/portal\/wp-content\/uploads\/2024\/06\/WhatsApp-Image-2024-06-25-at-13.58.18-1-600x400.jpeg 600w, https:\/\/www.anamt.org.br\/portal\/wp-content\/uploads\/2024\/06\/WhatsApp-Image-2024-06-25-at-13.58.18-1-768x512.jpeg 768w, https:\/\/www.anamt.org.br\/portal\/wp-content\/uploads\/2024\/06\/WhatsApp-Image-2024-06-25-at-13.58.18-1-800x533.jpeg 800w, https:\/\/www.anamt.org.br\/portal\/wp-content\/uploads\/2024\/06\/WhatsApp-Image-2024-06-25-at-13.58.18-1-1024x683.jpeg 1024w, https:\/\/www.anamt.org.br\/portal\/wp-content\/uploads\/2024\/06\/WhatsApp-Image-2024-06-25-at-13.58.18-1-1200x800.jpeg 1200w, https:\/\/www.anamt.org.br\/portal\/wp-content\/uploads\/2024\/06\/WhatsApp-Image-2024-06-25-at-13.58.18-1.jpeg 1440w\" sizes=\"(max-width: 600px) 100vw, 600px\" \/><\/p>\n<p><img decoding=\"async\" class=\"aligncenter wp-image-50136 size-fusion-600\" src=\"https:\/\/www.anamt.org.br\/portal\/wp-content\/uploads\/2024\/06\/WhatsApp-Image-2024-06-25-at-13.58.17-1-600x400.jpeg\" alt=\"\" width=\"600\" height=\"400\" srcset=\"https:\/\/www.anamt.org.br\/portal\/wp-content\/uploads\/2024\/06\/WhatsApp-Image-2024-06-25-at-13.58.17-1-200x133.jpeg 200w, https:\/\/www.anamt.org.br\/portal\/wp-content\/uploads\/2024\/06\/WhatsApp-Image-2024-06-25-at-13.58.17-1-300x200.jpeg 300w, https:\/\/www.anamt.org.br\/portal\/wp-content\/uploads\/2024\/06\/WhatsApp-Image-2024-06-25-at-13.58.17-1-400x267.jpeg 400w, https:\/\/www.anamt.org.br\/portal\/wp-content\/uploads\/2024\/06\/WhatsApp-Image-2024-06-25-at-13.58.17-1-600x400.jpeg 600w, https:\/\/www.anamt.org.br\/portal\/wp-content\/uploads\/2024\/06\/WhatsApp-Image-2024-06-25-at-13.58.17-1-768x512.jpeg 768w, https:\/\/www.anamt.org.br\/portal\/wp-content\/uploads\/2024\/06\/WhatsApp-Image-2024-06-25-at-13.58.17-1-800x533.jpeg 800w, https:\/\/www.anamt.org.br\/portal\/wp-content\/uploads\/2024\/06\/WhatsApp-Image-2024-06-25-at-13.58.17-1-1024x683.jpeg 1024w, https:\/\/www.anamt.org.br\/portal\/wp-content\/uploads\/2024\/06\/WhatsApp-Image-2024-06-25-at-13.58.17-1-1200x800.jpeg 1200w, https:\/\/www.anamt.org.br\/portal\/wp-content\/uploads\/2024\/06\/WhatsApp-Image-2024-06-25-at-13.58.17-1.jpeg 1440w\" sizes=\"(max-width: 600px) 100vw, 600px\" \/><\/p>\n<p><img decoding=\"async\" class=\"aligncenter wp-image-50137 size-fusion-600\" src=\"https:\/\/www.anamt.org.br\/portal\/wp-content\/uploads\/2024\/06\/WhatsApp-Image-2024-06-25-at-13.58.17-600x400.jpeg\" alt=\"\" width=\"600\" height=\"400\" srcset=\"https:\/\/www.anamt.org.br\/portal\/wp-content\/uploads\/2024\/06\/WhatsApp-Image-2024-06-25-at-13.58.17-200x133.jpeg 200w, https:\/\/www.anamt.org.br\/portal\/wp-content\/uploads\/2024\/06\/WhatsApp-Image-2024-06-25-at-13.58.17-300x200.jpeg 300w, https:\/\/www.anamt.org.br\/portal\/wp-content\/uploads\/2024\/06\/WhatsApp-Image-2024-06-25-at-13.58.17-400x267.jpeg 400w, https:\/\/www.anamt.org.br\/portal\/wp-content\/uploads\/2024\/06\/WhatsApp-Image-2024-06-25-at-13.58.17-600x400.jpeg 600w, https:\/\/www.anamt.org.br\/portal\/wp-content\/uploads\/2024\/06\/WhatsApp-Image-2024-06-25-at-13.58.17-768x512.jpeg 768w, https:\/\/www.anamt.org.br\/portal\/wp-content\/uploads\/2024\/06\/WhatsApp-Image-2024-06-25-at-13.58.17-800x533.jpeg 800w, https:\/\/www.anamt.org.br\/portal\/wp-content\/uploads\/2024\/06\/WhatsApp-Image-2024-06-25-at-13.58.17-1024x683.jpeg 1024w, https:\/\/www.anamt.org.br\/portal\/wp-content\/uploads\/2024\/06\/WhatsApp-Image-2024-06-25-at-13.58.17-1200x800.jpeg 1200w, https:\/\/www.anamt.org.br\/portal\/wp-content\/uploads\/2024\/06\/WhatsApp-Image-2024-06-25-at-13.58.17.jpeg 1440w\" sizes=\"(max-width: 600px) 100vw, 600px\" \/><\/p>\n","protected":false},"excerpt":{"rendered":"<p>O presidente da ANAMT, Dr. Francisco Cortes Fernandes, participou do 8\u00ba Congresso Paulista de Medicina do Trabalho, evento realizado pela Associa\u00e7\u00e3o Paulista de Medicina do Trabalho entre os dias 20 e 22 de junho. A Contribui\u00e7\u00e3o da Medicina do Trabalho Para o Desenvolvimento Socioecon\u00f4mico Sustent\u00e1vel foi o tema central do Congresso.<\/p>\n","protected":false},"author":5,"featured_media":50132,"comment_status":"closed","ping_status":"closed","sticky":false,"template":"","format":"standard","meta":{"footnotes":""},"categories":[77],"tags":[],"_links":{"self":[{"href":"https:\/\/www.anamt.org.br\/portal\/wp-json\/wp\/v2\/posts\/50131"}],"collection":[{"href":"https:\/\/www.anamt.org.br\/portal\/wp-json\/wp\/v2\/posts"}],"about":[{"href":"https:\/\/www.anamt.org.br\/portal\/wp-json\/wp\/v2\/types\/post"}],"author":[{"embeddable":true,"href":"https:\/\/www.anamt.org.br\/portal\/wp-json\/wp\/v2\/users\/5"}],"replies":[{"embeddable":true,"href":"https:\/\/www.anamt.org.br\/portal\/wp-json\/wp\/v2\/comments?post=50131"}],"version-history":[{"count":1,"href":"https:\/\/www.anamt.org.br\/portal\/wp-json\/wp\/v2\/posts\/50131\/revisions"}],"predecessor-version":[{"id":50138,"href":"https:\/\/www.anamt.org.br\/portal\/wp-json\/wp\/v2\/posts\/50131\/revisions\/50138"}],"wp:featuredmedia":[{"embeddable":true,"href":"https:\/\/www.anamt.org.br\/portal\/wp-json\/wp\/v2\/media\/50132"}],"wp:attachment":[{"href":"https:\/\/www.anamt.org.br\/portal\/wp-json\/wp\/v2\/media?parent=50131"}],"wp:term":[{"taxonomy":"category","embeddable":true,"href":"https:\/\/www.anamt.org.br\/portal\/wp-json\/wp\/v2\/categories?post=50131"},{"taxonomy":"post_tag","embeddable":true,"href":"https:\/\/www.anamt.org.br\/portal\/wp-json\/wp\/v2\/tags?post=50131"}],"curies":[{"name":"wp","href":"https:\/\/api.w.org\/{rel}","templated":true}]}}