{"id":50118,"date":"2024-06-20T12:50:40","date_gmt":"2024-06-20T15:50:40","guid":{"rendered":"https:\/\/www.anamt.org.br\/portal\/?p=50118"},"modified":"2024-06-20T12:51:25","modified_gmt":"2024-06-20T15:51:25","slug":"anamt-realiza-webinario-sobre-a-53a-prova-de-titulo-de-especialista-em-medicina-do-trabalho-2","status":"publish","type":"post","link":"https:\/\/www.anamt.org.br\/portal\/2024\/06\/20\/anamt-realiza-webinario-sobre-a-53a-prova-de-titulo-de-especialista-em-medicina-do-trabalho-2\/","title":{"rendered":"ANAMT realiza webin\u00e1rio sobre a 53\u00aa Prova de T\u00edtulo de Especialista em Medicina do Trabalho"},"content":{"rendered":"<p>Na \u00faltima sexta-feira (14), a Associa\u00e7\u00e3o Nacional de Medicina do Trabalho (ANAMT) organizou um webin\u00e1rio para esclarecer d\u00favidas sobre a 53\u00aa Prova de T\u00edtulo de Especialista em Medicina do Trabalho. Foi uma oportunidade valiosa para os candidatos esclarecerem suas d\u00favidas e se prepararem adequadamente para a prova, proporcionando maior tranquilidade e seguran\u00e7a durante o processo.<\/p>\n<p>Transmitido de forma simult\u00e2nea e gratuita no canal oficial da institui\u00e7\u00e3o no Youtube e na ANAMT Virtual, o evento foi ministrado pelo Dr. Alberthy Ogliari, advogado especialista em Direito M\u00e9dico e Assessor Jur\u00eddico da ANAMT, e contou com a presen\u00e7a do presidente Dr. Francisco Cortes Fernandes; Dra. Marilurdes Monteiro Barros \u2013 Diretora de T\u00edtulo de Especialista; e David Atylla, dos sistemas de TI da Associa\u00e7\u00e3o. As inscri\u00e7\u00f5es &#8211; para o exame que ocorrer\u00e1 no dia 29 de setembro de 2024 em Belo Horizonte (MG) &#8211; est\u00e3o abertas neste link at\u00e9 o dia 7 de julho. Esta ser\u00e1 a \u00fanica Prova de T\u00edtulo do ano de 2024.<\/p>\n<p>No in\u00edcio da atividade, Dr. Alberthy detalhou o edital, explicando suas particularidades e requisitos espec\u00edficos. Ele abordou quest\u00f5es como o tempo de trabalho necess\u00e1rio, a data limite para completar os quatro anos de experi\u00eancia exigidos e se a p\u00f3s-gradua\u00e7\u00e3o precisa estar conclu\u00edda.<\/p>\n<p>Dra. Marilurdes respondeu \u00e0s d\u00favidas mais frequentes dos participantes. Ela discutiu a validade de atua\u00e7\u00f5es m\u00e9dicas no exterior, quem deve assinar a declara\u00e7\u00e3o de atividades e refor\u00e7ou quest\u00f5es relacionadas \u00e0 Carteira de Trabalho e Previd\u00eancia Social (CTPS) e declara\u00e7\u00f5es digitais, incluindo orienta\u00e7\u00f5es sobre assinatura digital. Tamb\u00e9m explicou qual certid\u00e3o \u00e9 exigida pelo Conselho Regional de Medicina (CRM) e a import\u00e2ncia de preencher o curr\u00edculo vitae (CV) para a pontua\u00e7\u00e3o curricular, destacando que, embora n\u00e3o seja eliminat\u00f3ria, \u00e9 essencial para evitar pontua\u00e7\u00e3o zerada. Dra. Marilurdes detalhou o funcionamento da pontua\u00e7\u00e3o final, incluindo a pontua\u00e7\u00e3o m\u00e1xima de cada item e seu c\u00e1lculo, e mencionou que a pontua\u00e7\u00e3o de alguns eventos da ANAMT em que pese ser maior que a prevista no edital, dever\u00e1 respeitar os limites contidos no Edital. Ela refor\u00e7ou a necessidade de seguir as etapas de avalia\u00e7\u00e3o conforme o calend\u00e1rio e lembrou que documentos n\u00e3o s\u00e3o avaliados via e-mail.<\/p>\n<p>David explicou o sistema de submiss\u00e3o de documentos, apresentando um passo a passo de como submeter os documentos, tanto para novos candidatos quanto para aqueles que j\u00e1 se inscreveram na prova 52 e precisam submeter documentos para a prova 53. Ele abordou quest\u00f5es pr\u00e1ticas como o tamanho dos arquivos e se devem ser submetidos juntos ou separados. David tamb\u00e9m detalhou as etapas da submiss\u00e3o, a import\u00e2ncia de anexar documenta\u00e7\u00e3o no CV e como proceder em casos de inscri\u00e7\u00e3o incompleta ou recusada, incluindo como visualizar a observa\u00e7\u00e3o da comiss\u00e3o e fazer os ajustes necess\u00e1rios. Al\u00e9m disso, orientou sobre onde localizar tutoriais, gabaritos e declara\u00e7\u00f5es.<\/p>\n<p>O evento foi encerrado pelo Dr. Francisco, que reiterou os pontos principais discutidos e agradeceu a participa\u00e7\u00e3o de todos. Para mais informa\u00e7\u00f5es, leia o edital dispon\u00edvel em <a href=\"https:\/\/www.anamt.org.br\/portal\/titulo-de-especialista-em-medicina-do-trabalho\/\" target=\"_blank\" rel=\"noopener\">https:\/\/www.anamt.org.br\/portal\/titulo-de-especialista-em-medicina-do-trabalho\/<\/a><\/p>\n","protected":false},"excerpt":{"rendered":"<p>Na \u00faltima sexta-feira (14), a Associa\u00e7\u00e3o Nacional de Medicina do Trabalho (ANAMT) organizou um webin\u00e1rio para esclarecer d\u00favidas sobre a 53\u00aa Prova de T\u00edtulo de Especialista em Medicina do Trabalho. Foi uma oportunidade valiosa para os candidatos esclarecerem suas d\u00favidas e se prepararem adequadamente para a prova, proporcionando maior tranquilidade e seguran\u00e7a durante o processo. [&hellip;]<\/p>\n","protected":false},"author":5,"featured_media":48293,"comment_status":"closed","ping_status":"closed","sticky":false,"template":"","format":"standard","meta":{"footnotes":""},"categories":[77,8],"tags":[],"_links":{"self":[{"href":"https:\/\/www.anamt.org.br\/portal\/wp-json\/wp\/v2\/posts\/50118"}],"collection":[{"href":"https:\/\/www.anamt.org.br\/portal\/wp-json\/wp\/v2\/posts"}],"about":[{"href":"https:\/\/www.anamt.org.br\/portal\/wp-json\/wp\/v2\/types\/post"}],"author":[{"embeddable":true,"href":"https:\/\/www.anamt.org.br\/portal\/wp-json\/wp\/v2\/users\/5"}],"replies":[{"embeddable":true,"href":"https:\/\/www.anamt.org.br\/portal\/wp-json\/wp\/v2\/comments?post=50118"}],"version-history":[{"count":1,"href":"https:\/\/www.anamt.org.br\/portal\/wp-json\/wp\/v2\/posts\/50118\/revisions"}],"predecessor-version":[{"id":50119,"href":"https:\/\/www.anamt.org.br\/portal\/wp-json\/wp\/v2\/posts\/50118\/revisions\/50119"}],"wp:featuredmedia":[{"embeddable":true,"href":"https:\/\/www.anamt.org.br\/portal\/wp-json\/wp\/v2\/media\/48293"}],"wp:attachment":[{"href":"https:\/\/www.anamt.org.br\/portal\/wp-json\/wp\/v2\/media?parent=50118"}],"wp:term":[{"taxonomy":"category","embeddable":true,"href":"https:\/\/www.anamt.org.br\/portal\/wp-json\/wp\/v2\/categories?post=50118"},{"taxonomy":"post_tag","embeddable":true,"href":"https:\/\/www.anamt.org.br\/portal\/wp-json\/wp\/v2\/tags?post=50118"}],"curies":[{"name":"wp","href":"https:\/\/api.w.org\/{rel}","templated":true}]}}