{"id":50116,"date":"2024-06-20T11:29:20","date_gmt":"2024-06-20T14:29:20","guid":{"rendered":"https:\/\/www.anamt.org.br\/portal\/?p=50116"},"modified":"2024-06-20T11:29:20","modified_gmt":"2024-06-20T14:29:20","slug":"jovem-capixaba-descobre-cancer-no-exame-admissional-e-amputa-pernas","status":"publish","type":"post","link":"https:\/\/www.anamt.org.br\/portal\/2024\/06\/20\/jovem-capixaba-descobre-cancer-no-exame-admissional-e-amputa-pernas\/","title":{"rendered":"Jovem capixaba descobre c\u00e2ncer no exame admissional e amputa pernas"},"content":{"rendered":"<p>A expectativa da capixaba Bianca Andrade, de 25 anos, para um est\u00e1gio em Pedagogia em uma escola particular de Vit\u00f3ria foi frustrada de forma inesperada. Em julho de 2023, o exame admissional exigido para a contrata\u00e7\u00e3o revelou um c\u00e2ncer. Desde ent\u00e3o, a jovem passou por v\u00e1rias interna\u00e7\u00f5es e infec\u00e7\u00f5es, resultando na amputa\u00e7\u00e3o de suas pernas.<\/p>\n<p>&#8220;Eu j\u00e1 estava trabalhando e j\u00e1 tinha feito outros est\u00e1gios, que nunca me pediram exame de sangue. Acredito que foi Deus que me levou \u00e0quele est\u00e1gio, naquela escola, para descobrir a doen\u00e7a. \u00c9 por isso que hoje, depois de tudo que aconteceu, eu vivo com gratid\u00e3o&#8221;, disse a jovem ao g1.<\/p>\n<p>O exame feito por Bianca identificou altera\u00e7\u00e3o nos leuc\u00f3citos (c\u00e9lulas respons\u00e1veis pela defesa do organismo), fazendo com que o m\u00e9dico do trabalho n\u00e3o desse \u00e0 estudante o Atestado de Sa\u00fade Ocupacional (ATS).<\/p>\n<p>&#8220;Ele pediu que eu procurasse um hematologista com urg\u00eancia. Na minha cabe\u00e7a, eu achei tivesse sido um erro da cl\u00ednica. Quando eu sa\u00ed da empresa, eu passei em um laborat\u00f3rio particular e repeti. Dois dias depois, o resultado foi o mesmo&#8221;, contou a jovem.<\/p>\n<p>Com o mesmo resultado em m\u00e3os, a jovem marcou uma consulta com um especialista recomendado no Hospital Universit\u00e1rio Cassiano Ant\u00f4nio Moraes (Hucam), ligado \u00e0 Ufes, onde fez um exame espec\u00edfico na medula \u00f3ssea. O resultado apontou o diagn\u00f3stico de Leucemia Linfoide Aguda (LLA), um tipo de c\u00e2ncer que afeta os gl\u00f3bulos brancos.<\/p>\n<p>&#8220;Quando recebi essa not\u00edcia, foi bem confuso. Na hora, a ficha ainda n\u00e3o caiu. S\u00f3 caiu mesmo quando eu j\u00e1 estava internada e o cabelo come\u00e7ou a cair&#8221;, desabafou a jovem.<\/p>\n<p>Quimioterapia e sa\u00fade debilitada<\/p>\n<p>Bianca foi internada em agosto de 2023, cerca de tr\u00eas semanas ap\u00f3s o diagn\u00f3stico, para come\u00e7ar a quimioterapia. Ao todo, foram sete meses entre indas e vindas para o Hucam, onde realizou o tratamento.<\/p>\n<p>Ap\u00f3s cinco sess\u00f5es de quimioterapia, j\u00e1 em janeiro de 2024, a jovem disse que &#8216;parecia tudo estar bem&#8217; e recebeu alta. No entanto, uma semana depois teve febre e come\u00e7ou a passar mal em casa.<\/p>\n<p>&#8220;Como eu tinha um consulta com o meu m\u00e9dico, eu fui nele, que me passou exames e estava tudo normal. Ele me passou um antibi\u00f3tico mais forte para eu tomar e foi isso que eu fiz. No entanto, dois dias depois eu fui parar na emerg\u00eancia do hospital com muita febre e falta de ar. Entrei em coma e acordei somente sete dias depois&#8221;, comentou a jovem.<\/p>\n<p>Amputa\u00e7\u00e3o das pernas<\/p>\n<p>O motivo do coma, segundo a jovem, foi uma infec\u00e7\u00e3o no pulm\u00e3o, que surgiu de uma pneumonia assintom\u00e1tica que causou sepse, tamb\u00e9m conhecida como infec\u00e7\u00e3o generalizada.<\/p>\n<p>&#8220;Os m\u00e9dicos disseram a minha m\u00e3e que eu tinha poucas chances de voltar. Ao todo, foram sete dias em coma e, durante esse per\u00edodo, a equipe me deu muitos antibi\u00f3ticos fortes e noradrenalina&#8221;, contou Bianca.<\/p>\n<p>Quando acordou do coma, a jovem precisou fazer uma cirurgia para amputar as penas, que haviam necrosado.<\/p>\n<p>&#8220;Quando ele falou que eu precisava amputar as pernas, eu entrei em desespero. Receber essa not\u00edcia foi at\u00e9 pior do que receber a not\u00edcia do c\u00e2ncer&#8221;<\/p>\n<p>&#8220;Mas a\u00ed a minha m\u00e3e, meu namorado e toda minha fam\u00edlia conversaram comigo. Com o tempo, eu fui entendendo a minha hist\u00f3ria. Eu acredito em Deus. Ent\u00e3o, eu aceitei. Hoje eu entendo que eu vivi um grande milagre&#8221;, disse a jovem.<\/p>\n<p>Expectativa para adapta\u00e7\u00e3o da casa e pr\u00f3teses<\/p>\n<p>Ap\u00f3s a amputa\u00e7\u00e3o das pernas e a recupera\u00e7\u00e3o da cirurgia, a quimioterapia de Bianca deixou de ser oral para se tornar venosa.<\/p>\n<p>&#8220;Hoje eu tomo em dose menor da quimioterapia para impedir que a leucemia voltea. Esse tratamento, que \u00e9 chamado de manuten\u00e7\u00e3o, vai durar entre um e dois anos, a depender dos resultados&#8221;, explicou.<\/p>\n<p>Agora, na cadeira de rodas, Bianca vai precisar que a casa esteja adaptada \u00e0 nova realidade dela. Os c\u00f4modos onde a jovem mais circula v\u00e3o precisar passar por mudan\u00e7as, principalmente o banheiro, que dever\u00e1 ser aumentado, e barras de apoio ter\u00e3o que ser instaladas para a acessibilidade. Nas redes sociais, a jovem faz rifas e divulga os canais para poss\u00edveis doa\u00e7\u00f5es.<\/p>\n<p>&#8220;Tudo mudou na minha vida. Eu tive que trancar a faculdade, eu n\u00e3o posso trabalhar. Eu ainda dependo da minha fam\u00edlia para me levar at\u00e9 o banheiro. Mas, em breve, tudo isso vai mudar tamb\u00e9m&#8221;, comentou&#8221;.<\/p>\n<p>As mudan\u00e7as ditas pela jovem \u00e9 devido ao tratamento que faz no Centro de Reabilita\u00e7\u00e3o F\u00edsica do Esp\u00edrito Santo (Crefes). Ao terminar as fisioterapias, a jovem deve ser beneficiada com pr\u00f3teses.<\/p>\n<p>&#8220;Eu t\u00f4 ansiosa para a pr\u00f3tese. Eu vou reaprender a andar e vou ter mais mobilidade e independ\u00eancia&#8221;, finalizou.<\/p>\n<p>Leucemia Linf\u00f3ide Aguda<\/p>\n<p>Existem mais de 12 tipos de leucemia, sendo as mais comuns a leucemia mieloide aguda (LMA) e leucemia linf\u00f3ides aguda (LLA).<\/p>\n<p>Esse tipo de c\u00e2ncer no sangue atinge os gl\u00f3bulos brancos, que s\u00e3o c\u00e9lulas de defesa do nosso organismo.<\/p>\n<p>Levantamento do Instituto Nacional de C\u00e2ncer (Inca) estima que 11.540 casos de leucemia sejam registrados no pa\u00eds no tri\u00eanio de 2023 a 2025.<\/p>\n<p>As chances de cura s\u00e3o diferentes para crian\u00e7as e adultos. As leucemias linf\u00f3ides agudas s\u00e3o as mais comuns no p\u00fablico infanto-juvenil e t\u00eam chances de 85% a 90% de cura.<\/p>\n<p>Em dezembro de 2023, o Minist\u00e9rio da Sa\u00fade liberou R$ 100 milh\u00f5es para o financiamento da pesquisa de desenvolvimento da terapia celular CAR-T Cell, a t\u00e9cnica que combate o c\u00e2ncer no sangue com as pr\u00f3prias c\u00e9lulas de defesa do paciente modificadas em laborat\u00f3rio, na Funda\u00e7\u00e3o Hemocentro de Ribeir\u00e3o Preto\/USP em parceria com o Instituto Butantan, em S\u00e3o Paulo.<\/p>\n<p>O estudo cl\u00ednico \u00e9 focado especificamente em pacientes com leucemia linfoide aguda de c\u00e9lulas B e linfoma n\u00e3o Hodgkin de c\u00e9lulas B que n\u00e3o responderam ou apresentaram o retorno da doen\u00e7a ap\u00f3s a primeira linha de tratamento convencional, como quimioterapia e o transplante de medula \u00f3ssea.<\/p>\n<p><em>Fonte: G1<\/em><\/p>\n","protected":false},"excerpt":{"rendered":"<p>A expectativa da capixaba Bianca Andrade, de 25 anos, para um est\u00e1gio em Pedagogia em uma escola particular de Vit\u00f3ria foi frustrada de forma inesperada. Em julho de 2023, o exame admissional exigido para a contrata\u00e7\u00e3o revelou um c\u00e2ncer. Desde ent\u00e3o, a jovem passou por v\u00e1rias interna\u00e7\u00f5es e infec\u00e7\u00f5es, resultando na amputa\u00e7\u00e3o de suas pernas. [&hellip;]<\/p>\n","protected":false},"author":5,"featured_media":40875,"comment_status":"closed","ping_status":"closed","sticky":false,"template":"","format":"standard","meta":{"footnotes":""},"categories":[77,8],"tags":[],"_links":{"self":[{"href":"https:\/\/www.anamt.org.br\/portal\/wp-json\/wp\/v2\/posts\/50116"}],"collection":[{"href":"https:\/\/www.anamt.org.br\/portal\/wp-json\/wp\/v2\/posts"}],"about":[{"href":"https:\/\/www.anamt.org.br\/portal\/wp-json\/wp\/v2\/types\/post"}],"author":[{"embeddable":true,"href":"https:\/\/www.anamt.org.br\/portal\/wp-json\/wp\/v2\/users\/5"}],"replies":[{"embeddable":true,"href":"https:\/\/www.anamt.org.br\/portal\/wp-json\/wp\/v2\/comments?post=50116"}],"version-history":[{"count":1,"href":"https:\/\/www.anamt.org.br\/portal\/wp-json\/wp\/v2\/posts\/50116\/revisions"}],"predecessor-version":[{"id":50117,"href":"https:\/\/www.anamt.org.br\/portal\/wp-json\/wp\/v2\/posts\/50116\/revisions\/50117"}],"wp:featuredmedia":[{"embeddable":true,"href":"https:\/\/www.anamt.org.br\/portal\/wp-json\/wp\/v2\/media\/40875"}],"wp:attachment":[{"href":"https:\/\/www.anamt.org.br\/portal\/wp-json\/wp\/v2\/media?parent=50116"}],"wp:term":[{"taxonomy":"category","embeddable":true,"href":"https:\/\/www.anamt.org.br\/portal\/wp-json\/wp\/v2\/categories?post=50116"},{"taxonomy":"post_tag","embeddable":true,"href":"https:\/\/www.anamt.org.br\/portal\/wp-json\/wp\/v2\/tags?post=50116"}],"curies":[{"name":"wp","href":"https:\/\/api.w.org\/{rel}","templated":true}]}}