{"id":50108,"date":"2024-07-09T18:00:57","date_gmt":"2024-07-09T21:00:57","guid":{"rendered":"https:\/\/www.anamt.org.br\/portal\/?p=50108"},"modified":"2024-07-16T16:52:15","modified_gmt":"2024-07-16T19:52:15","slug":"anamt-e-almet-realizam-forum-virtual-sobre-pessoa-com-deficiencia-enquadramento-inclusao-e-acessibilidade","status":"publish","type":"post","link":"https:\/\/www.anamt.org.br\/portal\/2024\/07\/09\/anamt-e-almet-realizam-forum-virtual-sobre-pessoa-com-deficiencia-enquadramento-inclusao-e-acessibilidade\/","title":{"rendered":"ANAMT e ALMET realizam F\u00f3rum Virtual sobre Pessoa com Defici\u00eancia &#8211; Enquadramento, Inclus\u00e3o e Acessibilidade"},"content":{"rendered":"<p>Nos dias 12 e 13 de julho, a ANAMT e a ALMET, federada da Associa\u00e7\u00e3o em Alagoas, realizar\u00e3o o F\u00f3rum Virtual sobre Pessoa com Defici\u00eancia &#8211; Enquadramento, Inclus\u00e3o e Acessibilidade.<\/p>\n<p>O evento, que ocorrer\u00e1 das 14h \u00e0s 17h no dia 12 e e das 9h \u00e0s 13h no dia 13, \u00e9 o segundo de tr\u00eas f\u00f3runs em parceria com federadas que a Associa\u00e7\u00e3o realiza em 2024. Em mar\u00e7o, ocorreu o F\u00f3rum Virtual sobre Benef\u00edcios por Incapacidade e Per\u00edcia M\u00e9dica Federal, em parceria com a SBMT, cuja grava\u00e7\u00e3o est\u00e1 dispon\u00edvel na <a href=\"https:\/\/anamt.virtual.org.br\/\" target=\"_blank\" rel=\"noopener\">ANAMT Virtual<\/a>, onde tamb\u00e9m ser\u00e1 realizada a transmiss\u00e3o dessa edi\u00e7\u00e3o. Em setembro (13 e 14), ser\u00e1 realizado o F\u00f3rum Virtual ANAMT\/ANAMT-ES Sa\u00fade Mental \u2013 preven\u00e7\u00e3o, diagn\u00f3stico e tratamento dos transtornos mentais.<\/p>\n<p>As inscri\u00e7\u00f5es para os eventos podem ser realizadas individualmente e em um combo. A participa\u00e7\u00e3o em cada um dos F\u00f3runs pontua em 5 pontos na Prova de T\u00edtulo de Especialista em Medicina do Trabalho.<\/p>\n<p>As inscri\u00e7\u00f5es podem ser feitas abaixo:<\/p>\n<p><a href=\"https:\/\/sistemasanamt.org.br\/anamt\/inscricoeseventos\/inscricoes\/cad_inscricao.aspx?proid=118\" target=\"_blank\" rel=\"noopener\">F\u00f3rum Virtual ANAMT e SBMT<\/a><\/p>\n<p><a href=\"https:\/\/sistemasanamt.org.br\/anamt\/inscricoeseventos\/inscricoes\/cad_inscricao.aspx?proid=119\" target=\"_blank\" rel=\"noopener\">F\u00f3rum Virtual ANAMT\/ALMET<\/a><\/p>\n<p><a href=\"https:\/\/sistemasanamt.org.br\/anamt\/inscricoeseventos\/inscricoes\/cad_inscricao.aspx?proid=120\" target=\"_blank\" rel=\"noopener\">F\u00f3rum Virtual ANAMT\/ANAMT-ES<\/a><\/p>\n<p><a href=\"https:\/\/sistemasanamt.org.br\/anamt\/inscricoeseventos\/inscricoes\/cad_inscricao.aspx?proid=121\" target=\"_blank\" rel=\"noopener\">Combo dos tr\u00eas eventos<\/a><\/p>\n<p>A programa\u00e7\u00e3o do F\u00f3rum est\u00e1 dispon\u00edvel abaixo:<\/p>\n<p>12 de julho &#8211; sexta<\/p>\n<p>13h30 &#8211; Abertura<br \/>\nValker Vasconcelos de Lacerda \u2013 Vice-Presidente Nacional da ANAMT<br \/>\nMarilurdes Monteiro Barros \u2013 Presidente da Associa\u00e7\u00e3o Alagoana de Medicina do Trabalho<br \/>\nRosylane Rocha \u2013 Diretora Cient\u00edfica da ANAMT<br \/>\nAnderson de Moura Pereira \u2013 Diretor Cient\u00edfico da ALMET<\/p>\n<p>14h \u00e0s 14h30<br \/>\nConfer\u00eancia: Lei Brasileira de Inclus\u00e3o: avan\u00e7os e desafios<br \/>\nConferencista \u2013 Fl\u00e1vio Pereira dos Santos\/DF (Secretaria Extraordin\u00e1ria da Pessoa com Defici\u00eancia &#8211; SEPD)<br \/>\nPresidente: Valker Vasconcelos de Lacerda\/PB<\/p>\n<p>14h30 \u00e0s 16h \u2013 Pol\u00edticas Afirmativas para Pessoa com Defici\u00eancia<br \/>\nCoordenador: Anderson de Moura Pereira\/AL<br \/>\nSecret\u00e1ria: Camila Ata\u00edde R. de Couto\/AL<\/p>\n<p>Palestrantes<br \/>\n1-Conceitos de PCD \u2013 evolu\u00e7\u00e3o hist\u00f3rica e conflitos entre normas<br \/>\nEmilyanna Rodrigues Cavalcante Gon\u00e7alves\/DF<br \/>\n2-Avalia\u00e7\u00e3o e Enquadramento do PCD para fins de cotas de emprego<br \/>\nLailah Vasconcelos de Oliveira Vilela\/MG<br \/>\n3-Avalia\u00e7\u00e3o subjetiva x crit\u00e9rios cl\u00ednicos<br \/>\nManoel Juvenal da Costa Neto\/SE<br \/>\nDebate com Pinga-fogo<\/p>\n<p>16h \u00e0s 17h \u2013 Transtorno do Espectro Autista<br \/>\nCoordenador: Juraci Roberto de Lima\/AL<br \/>\nSecret\u00e1rio: Adalberto Gomes das Gra\u00e7as Bisneto\/AL<\/p>\n<p>Palestrantes<br \/>\n1-Transtorno do Espectro Autista: aspectos cl\u00ednicos e diagn\u00f3sticos, para enquadramento de PCD<br \/>\nF\u00e1bio Mello Barbirato Nascimento Silva \/RJ<br \/>\n2-Avalia\u00e7\u00e3o Neuropsicol\u00f3gica \u2013 Entendendo a aplica\u00e7\u00e3o do teste da avalia\u00e7\u00e3o do comprometimento<br \/>\nJana\u00edna Gaia Ribeiro Dias\/AL<br \/>\nDebate<\/p>\n<p>13 de julho \u2013 S\u00e1bado<\/p>\n<p>9h \u2013 9h30<br \/>\nConfer\u00eancia: A Per\u00edcia M\u00e9dica como ci\u00eancia e arte na garantia dos direitos sociais e na prote\u00e7\u00e3o da sociedade<br \/>\nConferencista: Jos\u00e9 Jozefran Berto Freire\/SP<br \/>\nPresidente: Marilurdes Monteiro Barros\/AL<\/p>\n<p>9h30 \u00e0s 11h &#8211; Per\u00edcia M\u00e9dica Administrativa: avalia\u00e7\u00e3o e enquadramento de PCD<br \/>\nCoordenador: Irapuan Medeiros de Barros J\u00fanior\/AL<br \/>\nSecret\u00e1rio: Gerson Odilon Pereira\/AL<\/p>\n<p>Palestrantes<br \/>\n1-Defici\u00eancia f\u00edsica: avalia\u00e7\u00e3o sob crit\u00e9rios cl\u00ednicos e cient\u00edficos<br \/>\nGilvana de Jesus do Vale Campos\/DF<br \/>\n2-Defici\u00eancia auditiva: avalia\u00e7\u00e3o sob crit\u00e9rios cl\u00ednicos x interpreta\u00e7\u00e3o da legisla\u00e7\u00e3o<br \/>\nCarlos Fernando de S\u00e1 Santana\/BA<br \/>\n3-Defici\u00eancia visual: avalia\u00e7\u00e3o sob crit\u00e9rios cl\u00ednicos x interpreta\u00e7\u00e3o da legisla\u00e7\u00e3o<br \/>\nAndrea Gomes\/DF<br \/>\nDebate com Pinga-fogo<\/p>\n<p>11h \u00e0s 13h \u2013 Direitos da PCD: Pol\u00edticas afirmativas e o IFBrM<br \/>\nCoordenador: Gilvana de Jesus do Vale Campos\/DF<br \/>\nSecret\u00e1ria: Val\u00e9ria Lima Reis Lobo\/GO<br \/>\nPalestrantes<br \/>\n1-Pol\u00edticas Afirmativas para PCD no Brasil<br \/>\nAlexandre Ferreira de Castro\/DF (Secretaria Extraordin\u00e1ria da Pessoa com Defici\u00eancia &#8211; SEPD)<br \/>\n2-IFBrM<br \/>\nRaul de Paiva\/DF (Coordenador-Geral de Diversidade e Interseccionalidade, Minist\u00e9rio dos Direitos Humanos e da Cidadania)<br \/>\n3-Intelig\u00eancia jur\u00eddica das avalia\u00e7\u00f5es m\u00e9dico-periciais<br \/>\nJu\u00edza Isabelle Coutinho Dantas Sampaio\/AL (Ju\u00edza Titular da 30\u00aa Vara C\u00edvel da Capital TJAL) \u2013<br \/>\nDebate com Pinga-fogo 30\u00b4<\/p>\n<p>13h &#8211; Encerramento<\/p>\n","protected":false},"excerpt":{"rendered":"<p>Nos dias 12 e 13 de julho, a ANAMT e a ALMET, federada da Associa\u00e7\u00e3o em Alagoas, realizar\u00e3o o F\u00f3rum Virtual sobre Pessoa com Defici\u00eancia &#8211; Enquadramento, Inclus\u00e3o e Acessibilidade. O evento, que ocorrer\u00e1 das 14h \u00e0s 17h no dia 12 e e das 9h \u00e0s 13h no dia 13, \u00e9 o segundo de tr\u00eas [&hellip;]<\/p>\n","protected":false},"author":5,"featured_media":50109,"comment_status":"closed","ping_status":"closed","sticky":false,"template":"","format":"standard","meta":{"footnotes":""},"categories":[77,8],"tags":[],"_links":{"self":[{"href":"https:\/\/www.anamt.org.br\/portal\/wp-json\/wp\/v2\/posts\/50108"}],"collection":[{"href":"https:\/\/www.anamt.org.br\/portal\/wp-json\/wp\/v2\/posts"}],"about":[{"href":"https:\/\/www.anamt.org.br\/portal\/wp-json\/wp\/v2\/types\/post"}],"author":[{"embeddable":true,"href":"https:\/\/www.anamt.org.br\/portal\/wp-json\/wp\/v2\/users\/5"}],"replies":[{"embeddable":true,"href":"https:\/\/www.anamt.org.br\/portal\/wp-json\/wp\/v2\/comments?post=50108"}],"version-history":[{"count":2,"href":"https:\/\/www.anamt.org.br\/portal\/wp-json\/wp\/v2\/posts\/50108\/revisions"}],"predecessor-version":[{"id":50187,"href":"https:\/\/www.anamt.org.br\/portal\/wp-json\/wp\/v2\/posts\/50108\/revisions\/50187"}],"wp:featuredmedia":[{"embeddable":true,"href":"https:\/\/www.anamt.org.br\/portal\/wp-json\/wp\/v2\/media\/50109"}],"wp:attachment":[{"href":"https:\/\/www.anamt.org.br\/portal\/wp-json\/wp\/v2\/media?parent=50108"}],"wp:term":[{"taxonomy":"category","embeddable":true,"href":"https:\/\/www.anamt.org.br\/portal\/wp-json\/wp\/v2\/categories?post=50108"},{"taxonomy":"post_tag","embeddable":true,"href":"https:\/\/www.anamt.org.br\/portal\/wp-json\/wp\/v2\/tags?post=50108"}],"curies":[{"name":"wp","href":"https:\/\/api.w.org\/{rel}","templated":true}]}}