{"id":50058,"date":"2024-05-31T12:02:28","date_gmt":"2024-05-31T15:02:28","guid":{"rendered":"https:\/\/www.anamt.org.br\/portal\/?p=50058"},"modified":"2024-05-31T12:03:24","modified_gmt":"2024-05-31T15:03:24","slug":"anamt-participa-de-lancamento-de-informe-sobre-brucelose-e-trabalho","status":"publish","type":"post","link":"https:\/\/www.anamt.org.br\/portal\/2024\/05\/31\/anamt-participa-de-lancamento-de-informe-sobre-brucelose-e-trabalho\/","title":{"rendered":"ANAMT participa de lan\u00e7amento de informe sobre Brucelose e Trabalho"},"content":{"rendered":"<p>Na segunda-feira, 3 de junho, o presidente da ANAMT, Dr. Francisco Cortes Fernandes, participa da sess\u00e3o cient\u00edfica da Rede Trabalhadores e Covid-19, na qual ser\u00e1 lan\u00e7ada o Informe sobre Brucelose e Trabalho.<\/p>\n<p>O evento ocorrer\u00e1 de forma remota, via Zoom,<a href=\"https:\/\/us06web.zoom.us\/j\/87637467415?pwd=6I8IsuDToKH5LUP3o5sbGCYfaNHeHL.1\" target=\"_blank\" rel=\"noopener\"><strong> neste link<\/strong><\/a>.\u00a0Mais informa\u00e7\u00f5es sobre o evento est\u00e3o dispon\u00edveis <a href=\"https:\/\/www.observadoencasinfecciosastrabalho.ensp.fiocruz.br\/rede-trabalhadores-e-covid-19-ira-lancar-seu-informe-sobre-brucelose-humana\/\" target=\"_blank\" rel=\"noopener\"><strong>aqui<\/strong><\/a>.<\/p>\n<p><img decoding=\"async\" class=\"aligncenter wp-image-50060 size-fusion-600\" src=\"https:\/\/www.anamt.org.br\/portal\/wp-content\/uploads\/2024\/05\/WhatsApp-Image-2024-05-29-at-18.35.17-600x600.jpeg\" alt=\"\" width=\"600\" height=\"600\" srcset=\"https:\/\/www.anamt.org.br\/portal\/wp-content\/uploads\/2024\/05\/WhatsApp-Image-2024-05-29-at-18.35.17-66x66.jpeg 66w, https:\/\/www.anamt.org.br\/portal\/wp-content\/uploads\/2024\/05\/WhatsApp-Image-2024-05-29-at-18.35.17-150x150.jpeg 150w, https:\/\/www.anamt.org.br\/portal\/wp-content\/uploads\/2024\/05\/WhatsApp-Image-2024-05-29-at-18.35.17-200x200.jpeg 200w, https:\/\/www.anamt.org.br\/portal\/wp-content\/uploads\/2024\/05\/WhatsApp-Image-2024-05-29-at-18.35.17-300x300.jpeg 300w, https:\/\/www.anamt.org.br\/portal\/wp-content\/uploads\/2024\/05\/WhatsApp-Image-2024-05-29-at-18.35.17-400x400.jpeg 400w, https:\/\/www.anamt.org.br\/portal\/wp-content\/uploads\/2024\/05\/WhatsApp-Image-2024-05-29-at-18.35.17-600x600.jpeg 600w, https:\/\/www.anamt.org.br\/portal\/wp-content\/uploads\/2024\/05\/WhatsApp-Image-2024-05-29-at-18.35.17-768x768.jpeg 768w, https:\/\/www.anamt.org.br\/portal\/wp-content\/uploads\/2024\/05\/WhatsApp-Image-2024-05-29-at-18.35.17-800x800.jpeg 800w, https:\/\/www.anamt.org.br\/portal\/wp-content\/uploads\/2024\/05\/WhatsApp-Image-2024-05-29-at-18.35.17-1024x1024.jpeg 1024w, https:\/\/www.anamt.org.br\/portal\/wp-content\/uploads\/2024\/05\/WhatsApp-Image-2024-05-29-at-18.35.17.jpeg 1080w\" sizes=\"(max-width: 600px) 100vw, 600px\" \/><\/p>\n","protected":false},"excerpt":{"rendered":"<p>Na segunda-feira, 3 de junho, o presidente da ANAMT, Dr. Francisco Cortes Fernandes, participa da sess\u00e3o cient\u00edfica da Rede Trabalhadores e Covid-19, na qual ser\u00e1 lan\u00e7ada o Informe sobre Brucelose e Trabalho. O evento ocorrer\u00e1 de forma remota, via Zoom, neste link.\u00a0Mais informa\u00e7\u00f5es sobre o evento est\u00e3o dispon\u00edveis aqui.<\/p>\n","protected":false},"author":5,"featured_media":50059,"comment_status":"closed","ping_status":"closed","sticky":false,"template":"","format":"standard","meta":{"footnotes":""},"categories":[77,8],"tags":[],"_links":{"self":[{"href":"https:\/\/www.anamt.org.br\/portal\/wp-json\/wp\/v2\/posts\/50058"}],"collection":[{"href":"https:\/\/www.anamt.org.br\/portal\/wp-json\/wp\/v2\/posts"}],"about":[{"href":"https:\/\/www.anamt.org.br\/portal\/wp-json\/wp\/v2\/types\/post"}],"author":[{"embeddable":true,"href":"https:\/\/www.anamt.org.br\/portal\/wp-json\/wp\/v2\/users\/5"}],"replies":[{"embeddable":true,"href":"https:\/\/www.anamt.org.br\/portal\/wp-json\/wp\/v2\/comments?post=50058"}],"version-history":[{"count":1,"href":"https:\/\/www.anamt.org.br\/portal\/wp-json\/wp\/v2\/posts\/50058\/revisions"}],"predecessor-version":[{"id":50061,"href":"https:\/\/www.anamt.org.br\/portal\/wp-json\/wp\/v2\/posts\/50058\/revisions\/50061"}],"wp:featuredmedia":[{"embeddable":true,"href":"https:\/\/www.anamt.org.br\/portal\/wp-json\/wp\/v2\/media\/50059"}],"wp:attachment":[{"href":"https:\/\/www.anamt.org.br\/portal\/wp-json\/wp\/v2\/media?parent=50058"}],"wp:term":[{"taxonomy":"category","embeddable":true,"href":"https:\/\/www.anamt.org.br\/portal\/wp-json\/wp\/v2\/categories?post=50058"},{"taxonomy":"post_tag","embeddable":true,"href":"https:\/\/www.anamt.org.br\/portal\/wp-json\/wp\/v2\/tags?post=50058"}],"curies":[{"name":"wp","href":"https:\/\/api.w.org\/{rel}","templated":true}]}}