{"id":50053,"date":"2024-05-29T13:22:39","date_gmt":"2024-05-29T16:22:39","guid":{"rendered":"https:\/\/www.anamt.org.br\/portal\/?p=50053"},"modified":"2024-05-29T13:23:59","modified_gmt":"2024-05-29T16:23:59","slug":"defesa-profissional-concurso-do-tse-unificado-exige-rqe-para-medico-do-trabalho-apos-impugnacoes-da-anamt","status":"publish","type":"post","link":"https:\/\/www.anamt.org.br\/portal\/2024\/05\/29\/defesa-profissional-concurso-do-tse-unificado-exige-rqe-para-medico-do-trabalho-apos-impugnacoes-da-anamt\/","title":{"rendered":"Defesa Profissional: concurso do TSE Unificado exige RQE para m\u00e9dico do trabalho ap\u00f3s impugna\u00e7\u00f5es da ANAMT"},"content":{"rendered":"<p>Ap\u00f3s as impugna\u00e7\u00f5es da ANAMT relacionadas a vagas em concursos p\u00fablicos na \u00e1rea de Medicina do Trabalho, o <a href=\"https:\/\/www.in.gov.br\/en\/web\/dou\/-\/edital-n-1-cpnuje-de-27-de-maio-de-2024-562654616\" target=\"_blank\" rel=\"noopener\">edital do concurso do Tribunal Superior Eleitoral (TSE) Unificado<\/a>, publicado nesta quarta (29), as vagas para m\u00e9dico do trabalho t\u00eam entre os requisitos o Registro de Qualifica\u00e7\u00e3o de Especialidade (RQE) no \u00f3rg\u00e3o de classe.<\/p>\n<p>Ao todo, a ANAMT apresentou <a href=\"https:\/\/www.anamt.org.br\/portal\/2024\/04\/29\/anamt-reforca-seu-papel-pela-defesa-profissional-dos-medicos-do-trabalho-ao-monitorar-editais-de-concursos-publicos\/\" target=\"_blank\" rel=\"noopener\">sete impugna\u00e7\u00f5es a editais<\/a> nos \u00faltimos dois anos. As vagas n\u00e3o exigiam o T\u00edtulo de Especialista em Medicina do Trabalho como pr\u00e9-requisito, al\u00e9m de oferecem remunera\u00e7\u00e3o abaixo de outras especialidades m\u00e9dicas.<\/p>\n<p>Den\u00fancias desse tipo podem ser encaminhadas para o e-mail secretaria@anamt.org.br, juntamente com as informa\u00e7\u00f5es.<\/p>\n","protected":false},"excerpt":{"rendered":"<p>Ap\u00f3s as impugna\u00e7\u00f5es da ANAMT relacionadas a vagas em concursos p\u00fablicos na \u00e1rea de Medicina do Trabalho, o edital do concurso do Tribunal Superior Eleitoral (TSE) Unificado, publicado nesta quarta (29), as vagas para m\u00e9dico do trabalho t\u00eam entre os requisitos o Registro de Qualifica\u00e7\u00e3o de Especialidade (RQE) no \u00f3rg\u00e3o de classe. Ao todo, a [&hellip;]<\/p>\n","protected":false},"author":5,"featured_media":48293,"comment_status":"closed","ping_status":"closed","sticky":false,"template":"","format":"standard","meta":{"footnotes":""},"categories":[267,77,8],"tags":[],"_links":{"self":[{"href":"https:\/\/www.anamt.org.br\/portal\/wp-json\/wp\/v2\/posts\/50053"}],"collection":[{"href":"https:\/\/www.anamt.org.br\/portal\/wp-json\/wp\/v2\/posts"}],"about":[{"href":"https:\/\/www.anamt.org.br\/portal\/wp-json\/wp\/v2\/types\/post"}],"author":[{"embeddable":true,"href":"https:\/\/www.anamt.org.br\/portal\/wp-json\/wp\/v2\/users\/5"}],"replies":[{"embeddable":true,"href":"https:\/\/www.anamt.org.br\/portal\/wp-json\/wp\/v2\/comments?post=50053"}],"version-history":[{"count":1,"href":"https:\/\/www.anamt.org.br\/portal\/wp-json\/wp\/v2\/posts\/50053\/revisions"}],"predecessor-version":[{"id":50054,"href":"https:\/\/www.anamt.org.br\/portal\/wp-json\/wp\/v2\/posts\/50053\/revisions\/50054"}],"wp:featuredmedia":[{"embeddable":true,"href":"https:\/\/www.anamt.org.br\/portal\/wp-json\/wp\/v2\/media\/48293"}],"wp:attachment":[{"href":"https:\/\/www.anamt.org.br\/portal\/wp-json\/wp\/v2\/media?parent=50053"}],"wp:term":[{"taxonomy":"category","embeddable":true,"href":"https:\/\/www.anamt.org.br\/portal\/wp-json\/wp\/v2\/categories?post=50053"},{"taxonomy":"post_tag","embeddable":true,"href":"https:\/\/www.anamt.org.br\/portal\/wp-json\/wp\/v2\/tags?post=50053"}],"curies":[{"name":"wp","href":"https:\/\/api.w.org\/{rel}","templated":true}]}}