{"id":50041,"date":"2024-05-22T12:31:43","date_gmt":"2024-05-22T15:31:43","guid":{"rendered":"https:\/\/www.anamt.org.br\/portal\/?p=50041"},"modified":"2024-05-22T12:31:43","modified_gmt":"2024-05-22T15:31:43","slug":"21o-congresso-nacional-anamt-evento-e-tema-de-reuniao-no-crm-mg","status":"publish","type":"post","link":"https:\/\/www.anamt.org.br\/portal\/2024\/05\/22\/21o-congresso-nacional-anamt-evento-e-tema-de-reuniao-no-crm-mg\/","title":{"rendered":"21\u00ba Congresso Nacional ANAMT: evento \u00e9 tema de reuni\u00e3o no CRM-MG"},"content":{"rendered":"<p>&nbsp;<\/p>\n<p><img decoding=\"async\" class=\"aligncenter wp-image-50042 size-fusion-600\" src=\"https:\/\/www.anamt.org.br\/portal\/wp-content\/uploads\/2024\/05\/WhatsApp-Image-2024-05-21-at-21.14.51-600x450.jpeg\" alt=\"\" width=\"600\" height=\"450\" srcset=\"https:\/\/www.anamt.org.br\/portal\/wp-content\/uploads\/2024\/05\/WhatsApp-Image-2024-05-21-at-21.14.51-200x150.jpeg 200w, https:\/\/www.anamt.org.br\/portal\/wp-content\/uploads\/2024\/05\/WhatsApp-Image-2024-05-21-at-21.14.51-300x225.jpeg 300w, https:\/\/www.anamt.org.br\/portal\/wp-content\/uploads\/2024\/05\/WhatsApp-Image-2024-05-21-at-21.14.51-400x300.jpeg 400w, https:\/\/www.anamt.org.br\/portal\/wp-content\/uploads\/2024\/05\/WhatsApp-Image-2024-05-21-at-21.14.51-600x450.jpeg 600w, https:\/\/www.anamt.org.br\/portal\/wp-content\/uploads\/2024\/05\/WhatsApp-Image-2024-05-21-at-21.14.51-768x576.jpeg 768w, https:\/\/www.anamt.org.br\/portal\/wp-content\/uploads\/2024\/05\/WhatsApp-Image-2024-05-21-at-21.14.51-800x600.jpeg 800w, https:\/\/www.anamt.org.br\/portal\/wp-content\/uploads\/2024\/05\/WhatsApp-Image-2024-05-21-at-21.14.51-1024x768.jpeg 1024w, https:\/\/www.anamt.org.br\/portal\/wp-content\/uploads\/2024\/05\/WhatsApp-Image-2024-05-21-at-21.14.51-1200x900.jpeg 1200w, https:\/\/www.anamt.org.br\/portal\/wp-content\/uploads\/2024\/05\/WhatsApp-Image-2024-05-21-at-21.14.51-1536x1152.jpeg 1536w, https:\/\/www.anamt.org.br\/portal\/wp-content\/uploads\/2024\/05\/WhatsApp-Image-2024-05-21-at-21.14.51.jpeg 1600w\" sizes=\"(max-width: 600px) 100vw, 600px\" \/><\/p>\n<p>A diretora cient\u00edfica da ANAMT, Dra. Rosylane Rocha, e a presidente da Associa\u00e7\u00e3o Mineira de Medicina do Trabalho (AMIMT), Dra. Walneia Moreira, estiveram na sede do CRM-MG, onde se reuniram com o presidente do \u00f3rg\u00e3o, Dr. Ricardo Hernane de Oliveira, e com o presidente do CFM, Dr. Jos\u00e9 Hiran Gallo. No encontro, a realiza\u00e7\u00e3o do 21\u00ba Congresso Nacional ANAMT em Belo Horizonte (MG) foi o tema abordado.<\/p>\n","protected":false},"excerpt":{"rendered":"<p>&nbsp; A diretora cient\u00edfica da ANAMT, Dra. Rosylane Rocha, e a presidente da Associa\u00e7\u00e3o Mineira de Medicina do Trabalho (AMIMT), Dra. Walneia Moreira, estiveram na sede do CRM-MG, onde se reuniram com o presidente do \u00f3rg\u00e3o, Dr. Ricardo Hernane de Oliveira, e com o presidente do CFM, Dr. Jos\u00e9 Hiran Gallo. No encontro, a realiza\u00e7\u00e3o [&hellip;]<\/p>\n","protected":false},"author":5,"featured_media":50043,"comment_status":"closed","ping_status":"closed","sticky":false,"template":"","format":"standard","meta":{"footnotes":""},"categories":[77,8],"tags":[],"_links":{"self":[{"href":"https:\/\/www.anamt.org.br\/portal\/wp-json\/wp\/v2\/posts\/50041"}],"collection":[{"href":"https:\/\/www.anamt.org.br\/portal\/wp-json\/wp\/v2\/posts"}],"about":[{"href":"https:\/\/www.anamt.org.br\/portal\/wp-json\/wp\/v2\/types\/post"}],"author":[{"embeddable":true,"href":"https:\/\/www.anamt.org.br\/portal\/wp-json\/wp\/v2\/users\/5"}],"replies":[{"embeddable":true,"href":"https:\/\/www.anamt.org.br\/portal\/wp-json\/wp\/v2\/comments?post=50041"}],"version-history":[{"count":1,"href":"https:\/\/www.anamt.org.br\/portal\/wp-json\/wp\/v2\/posts\/50041\/revisions"}],"predecessor-version":[{"id":50044,"href":"https:\/\/www.anamt.org.br\/portal\/wp-json\/wp\/v2\/posts\/50041\/revisions\/50044"}],"wp:featuredmedia":[{"embeddable":true,"href":"https:\/\/www.anamt.org.br\/portal\/wp-json\/wp\/v2\/media\/50043"}],"wp:attachment":[{"href":"https:\/\/www.anamt.org.br\/portal\/wp-json\/wp\/v2\/media?parent=50041"}],"wp:term":[{"taxonomy":"category","embeddable":true,"href":"https:\/\/www.anamt.org.br\/portal\/wp-json\/wp\/v2\/categories?post=50041"},{"taxonomy":"post_tag","embeddable":true,"href":"https:\/\/www.anamt.org.br\/portal\/wp-json\/wp\/v2\/tags?post=50041"}],"curies":[{"name":"wp","href":"https:\/\/api.w.org\/{rel}","templated":true}]}}