{"id":50037,"date":"2024-05-22T09:53:00","date_gmt":"2024-05-22T12:53:00","guid":{"rendered":"https:\/\/www.anamt.org.br\/portal\/?p=50037"},"modified":"2024-05-22T09:53:00","modified_gmt":"2024-05-22T12:53:00","slug":"webinario-sobre-o-21o-congresso-nacional-anamt-detalha-a-programacao-cientifica-e-cultural-em-belo-horizonte","status":"publish","type":"post","link":"https:\/\/www.anamt.org.br\/portal\/2024\/05\/22\/webinario-sobre-o-21o-congresso-nacional-anamt-detalha-a-programacao-cientifica-e-cultural-em-belo-horizonte\/","title":{"rendered":"Webin\u00e1rio sobre o 21\u00ba Congresso Nacional ANAMT detalha a programa\u00e7\u00e3o cient\u00edfica e cultural em Belo Horizonte"},"content":{"rendered":"<p>O 21\u00ba Congresso Nacional ANAMT, que ser\u00e1 realizado em Belo Horizonte (MG), entre os dias 30 de setembro de 2 de outubro, foi o tema do webin\u00e1rio apresentado no dia 20 de maio na plataforma ANAMT Virtual e no canal do Youtube da Associa\u00e7\u00e3o. O objetivo do encontro foi divulgar o Congresso, que este ano vai abordar o tema \u201cDemonstrando, na pr\u00e1tica, o valor da Medicina do Trabalho por meio de compet\u00eancias\u201d.<\/p>\n<p>Em sua palestra, a diretora cient\u00edfica da ANAMT, Dra Rosylane Rocha, destacou a preliminar do conte\u00fado cient\u00edfico do evento, ressaltou a import\u00e2ncia do tema escolhido para a edi\u00e7\u00e3o, apresentou os palestrantes j\u00e1 confirmados e as tem\u00e1ticas das mesas redondas e oficinas j\u00e1 acertadas, entre outras atividades cient\u00edficas do Congresso. Para finalizar, exibiu um v\u00eddeo sobre as op\u00e7\u00f5es culturais e tur\u00edsticas dispon\u00edveis na capital mineira.<\/p>\n<p>Dr. Francisco Cortes Fernandes, presidente da ANAMT fez a abertura do webin\u00e1rio, contando com Dra. Walneia Moreira, presidente da Associa\u00e7\u00e3o Mineira de Medicina do Trabalho (AMIMT), federada da ANAMT em Minas Gerais, que conduziu as apresenta\u00e7\u00f5es. A transmiss\u00e3o ainda teve a participa\u00e7\u00e3o de Dra. Elizabeth Dias, m\u00e9dica do trabalho e doutora em Sa\u00fade Ocupacional, que falou sobre o convite do presidente da ANAMT para coordenar a atualiza\u00e7\u00e3o e revis\u00e3o das compet\u00eancias b\u00e1sicas requeridas para o exerc\u00edcio da medicina do trabalho. \u201cA \u00faltima atualiza\u00e7\u00e3o atualmente vigente foi publicada em 2018. Nesses 5 anos, enfrentamos muitas mudan\u00e7as no mundo do trabalho\u201d, assinalou.<\/p>\n<p>O tema do 21\u00ba Congresso foi elogiado por Dr. Francisco Fernandes. Segundo ele, o assunto central serve como fio condutor para discuss\u00f5es, palestras e atividades, \u201ccom o objetivo de despertar o interesse dos participantes, que v\u00e3o obter a melhor qualidade de informa\u00e7\u00e3o dentro do nosso evento\u201d, frisou.<\/p>\n<p>Por sua vez, Dra. Walneia Moreira, falou sobre a import\u00e2ncia do conte\u00fado cient\u00edfico e da sele\u00e7\u00e3o de conte\u00fados que far\u00e3o parte do Congresso, priorizando tem\u00e1ticas relacionadas ao dia a dia dos m\u00e9dicos do trabalho. Ao final do webin\u00e1rio, ela passou a palavra para a diretora de Comunica\u00e7\u00e3o da AMIMT, Dra. Fab\u00edola Souza, que falou sobre a programa\u00e7\u00e3o cultural e social que est\u00e1 sendo preparada para o Congresso.<\/p>\n<p>A transmiss\u00e3o pode ser vista abaixo:<\/p>\n<div class=\"video-shortcode\"><iframe title=\"Webin\u00e1rio ANAMT Virtual\" width=\"1500\" height=\"844\" src=\"https:\/\/www.youtube.com\/embed\/mFVQCH8kg8o?feature=oembed\" frameborder=\"0\" allow=\"accelerometer; autoplay; clipboard-write; encrypted-media; gyroscope; picture-in-picture; web-share\" referrerpolicy=\"strict-origin-when-cross-origin\" allowfullscreen><\/iframe><\/div>\n","protected":false},"excerpt":{"rendered":"<p>O 21\u00ba Congresso Nacional ANAMT, que ser\u00e1 realizado em Belo Horizonte (MG), entre os dias 30 de setembro de 2 de outubro, foi o tema do webin\u00e1rio apresentado no dia 20 de maio na plataforma ANAMT Virtual e no canal do Youtube da Associa\u00e7\u00e3o. O objetivo do encontro foi divulgar o Congresso, que este ano [&hellip;]<\/p>\n","protected":false},"author":5,"featured_media":50038,"comment_status":"closed","ping_status":"closed","sticky":false,"template":"","format":"standard","meta":{"footnotes":""},"categories":[77,8],"tags":[],"_links":{"self":[{"href":"https:\/\/www.anamt.org.br\/portal\/wp-json\/wp\/v2\/posts\/50037"}],"collection":[{"href":"https:\/\/www.anamt.org.br\/portal\/wp-json\/wp\/v2\/posts"}],"about":[{"href":"https:\/\/www.anamt.org.br\/portal\/wp-json\/wp\/v2\/types\/post"}],"author":[{"embeddable":true,"href":"https:\/\/www.anamt.org.br\/portal\/wp-json\/wp\/v2\/users\/5"}],"replies":[{"embeddable":true,"href":"https:\/\/www.anamt.org.br\/portal\/wp-json\/wp\/v2\/comments?post=50037"}],"version-history":[{"count":2,"href":"https:\/\/www.anamt.org.br\/portal\/wp-json\/wp\/v2\/posts\/50037\/revisions"}],"predecessor-version":[{"id":50040,"href":"https:\/\/www.anamt.org.br\/portal\/wp-json\/wp\/v2\/posts\/50037\/revisions\/50040"}],"wp:featuredmedia":[{"embeddable":true,"href":"https:\/\/www.anamt.org.br\/portal\/wp-json\/wp\/v2\/media\/50038"}],"wp:attachment":[{"href":"https:\/\/www.anamt.org.br\/portal\/wp-json\/wp\/v2\/media?parent=50037"}],"wp:term":[{"taxonomy":"category","embeddable":true,"href":"https:\/\/www.anamt.org.br\/portal\/wp-json\/wp\/v2\/categories?post=50037"},{"taxonomy":"post_tag","embeddable":true,"href":"https:\/\/www.anamt.org.br\/portal\/wp-json\/wp\/v2\/tags?post=50037"}],"curies":[{"name":"wp","href":"https:\/\/api.w.org\/{rel}","templated":true}]}}