{"id":50031,"date":"2024-05-21T10:48:03","date_gmt":"2024-05-21T13:48:03","guid":{"rendered":"https:\/\/www.anamt.org.br\/portal\/?p=50031"},"modified":"2024-05-27T16:13:44","modified_gmt":"2024-05-27T19:13:44","slug":"defesa-profissional-cfm-encaminha-oficio-a-anamt-sobre-impugnacoes-de-editais","status":"publish","type":"post","link":"https:\/\/www.anamt.org.br\/portal\/2024\/05\/21\/defesa-profissional-cfm-encaminha-oficio-a-anamt-sobre-impugnacoes-de-editais\/","title":{"rendered":"Defesa Profissional: CFM encaminha of\u00edcio \u00e0 ANAMT sobre impugna\u00e7\u00f5es de editais"},"content":{"rendered":"<p>No dia 16 de maio, o Conselho Federal de Medicina (CFM) encaminhou um of\u00edcio \u00e0 ANAMT em resposta \u00e0s <a href=\"https:\/\/www.anamt.org.br\/portal\/2024\/04\/29\/anamt-reforca-seu-papel-pela-defesa-profissional-dos-medicos-do-trabalho-ao-monitorar-editais-de-concursos-publicos\/\" target=\"_blank\" rel=\"noopener\">impugna\u00e7\u00f5es feitas aos editais de concursos p\u00fablicos com vagas para m\u00e9dicos do trabalho ou com atribui\u00e7\u00f5es que s\u00f3 podem ser exercidas pela especialidade<\/a>.<\/p>\n<p>&#8220;Ap\u00f3s minuciosa an\u00e1lise da situa\u00e7\u00e3o apresentada, o CFM protocolou, junto \u00e0 Caixa Econ\u00f4mica Federal, of\u00edcio questionando o Edital n\u00ba 1\/2024\/NS, de 21 de fevereiro de 2024. No referido of\u00edcio, enfatizamos a necessidade de adequar as exig\u00eancias para a contrata\u00e7\u00e3o de m\u00e9dicos especialistas, notadamente a inclus\u00e3o dos requisitos de Registro de Qualifica\u00e7\u00e3o de Especialista (RQE) e a comprova\u00e7\u00e3o do t\u00edtulo de especialista em medicina do trabalho para os candidatos que almejam tais cargos&#8221;, pontua trecho do of\u00edcio do Conselho Federal.<\/p>\n<p>Al\u00e9m do of\u00edcio enviado \u00e0 Caixa, o CFM pontua no texto que encaminhou of\u00edcio ao Tribunal de Contas da Uni\u00e3o (TCU) em que questiona aspectos como validade dos editais e das contrata\u00e7\u00f5es, al\u00e9m da incongru\u00eancia dos sal\u00e1rios oferecidos aos m\u00e9dicos do trabalho em rela\u00e7\u00e3o a outras especialidades m\u00e9dicas.<\/p>\n","protected":false},"excerpt":{"rendered":"<p>No dia 16 de maio, o Conselho Federal de Medicina (CFM) encaminhou um of\u00edcio \u00e0 ANAMT em resposta \u00e0s impugna\u00e7\u00f5es feitas aos editais de concursos p\u00fablicos com vagas para m\u00e9dicos do trabalho ou com atribui\u00e7\u00f5es que s\u00f3 podem ser exercidas pela especialidade. &#8220;Ap\u00f3s minuciosa an\u00e1lise da situa\u00e7\u00e3o apresentada, o CFM protocolou, junto \u00e0 Caixa Econ\u00f4mica [&hellip;]<\/p>\n","protected":false},"author":5,"featured_media":41066,"comment_status":"closed","ping_status":"closed","sticky":false,"template":"","format":"standard","meta":{"footnotes":""},"categories":[267,77,8],"tags":[],"_links":{"self":[{"href":"https:\/\/www.anamt.org.br\/portal\/wp-json\/wp\/v2\/posts\/50031"}],"collection":[{"href":"https:\/\/www.anamt.org.br\/portal\/wp-json\/wp\/v2\/posts"}],"about":[{"href":"https:\/\/www.anamt.org.br\/portal\/wp-json\/wp\/v2\/types\/post"}],"author":[{"embeddable":true,"href":"https:\/\/www.anamt.org.br\/portal\/wp-json\/wp\/v2\/users\/5"}],"replies":[{"embeddable":true,"href":"https:\/\/www.anamt.org.br\/portal\/wp-json\/wp\/v2\/comments?post=50031"}],"version-history":[{"count":1,"href":"https:\/\/www.anamt.org.br\/portal\/wp-json\/wp\/v2\/posts\/50031\/revisions"}],"predecessor-version":[{"id":50032,"href":"https:\/\/www.anamt.org.br\/portal\/wp-json\/wp\/v2\/posts\/50031\/revisions\/50032"}],"wp:featuredmedia":[{"embeddable":true,"href":"https:\/\/www.anamt.org.br\/portal\/wp-json\/wp\/v2\/media\/41066"}],"wp:attachment":[{"href":"https:\/\/www.anamt.org.br\/portal\/wp-json\/wp\/v2\/media?parent=50031"}],"wp:term":[{"taxonomy":"category","embeddable":true,"href":"https:\/\/www.anamt.org.br\/portal\/wp-json\/wp\/v2\/categories?post=50031"},{"taxonomy":"post_tag","embeddable":true,"href":"https:\/\/www.anamt.org.br\/portal\/wp-json\/wp\/v2\/tags?post=50031"}],"curies":[{"name":"wp","href":"https:\/\/api.w.org\/{rel}","templated":true}]}}