{"id":49982,"date":"2024-05-15T08:53:46","date_gmt":"2024-05-15T11:53:46","guid":{"rendered":"https:\/\/www.anamt.org.br\/portal\/?p=49982"},"modified":"2024-05-15T08:53:46","modified_gmt":"2024-05-15T11:53:46","slug":"webinario-da-anamt-aborda-desafios-e-orientacoes-em-meio-a-catastrofe-no-rio-grande-do-sul","status":"publish","type":"post","link":"https:\/\/www.anamt.org.br\/portal\/2024\/05\/15\/webinario-da-anamt-aborda-desafios-e-orientacoes-em-meio-a-catastrofe-no-rio-grande-do-sul\/","title":{"rendered":"Webin\u00e1rio da ANAMT aborda desafios e orienta\u00e7\u00f5es em meio \u00e0 cat\u00e1strofe no Rio Grande do Sul"},"content":{"rendered":"<p>Nesta ter\u00e7a-feira (14), a ANAMT realizou uma reuni\u00e3o cient\u00edfica sobre o tema Cat\u00e1strofe no Rio Grande do Sul: bate-papo de preven\u00e7\u00e3o e doen\u00e7as infectocontagiosas. Em parceria com a Sociedade Ga\u00facha de Medicina do Trabalho (SOGAMT), o evento teve o intuito de disseminar orienta\u00e7\u00f5es de cuidados em sa\u00fade, al\u00e9m de discutir a respeito do papel da medicina do trabalho na reconstru\u00e7\u00e3o do estado. O webin\u00e1rio foi coordenado pelo diretor cient\u00edfico da SOGAMT, Dr. F\u00e1bio Dantas Filho e contou com a participa\u00e7\u00e3o de diversos nomes relevantes do especialista em infectologia Dr. Paulo Ernest Gewehr Filho, o presidente da ANAMT Dr. Francisco Cortes Fernandes, e a presidente da SOGAMT, Dra. Indira Valente. A atividade foi transmitida gratuitamente ao p\u00fablico pela ANAMT Virtual e pelo Youtube.<\/p>\n<p>No bate-papo, os especialistas alertaram sobre os riscos imediatos e futuros que as inunda\u00e7\u00f5es no Rio Grande do Sul representam para a sa\u00fade das pessoas. A presen\u00e7a de ambientes inundados, repletos de entulho e destro\u00e7os, aumenta significativamente o risco de acidentes com animais pe\u00e7onhentos. A exposi\u00e7\u00e3o direta \u00e0 \u00e1gua das enchentes, frequentemente contaminada por esgoto, tamb\u00e9m acarreta um alto risco de contra\u00e7\u00e3o de doen\u00e7as. Adicionalmente, persiste o perigo de afogamento e hipotermia, agravando ainda mais a situa\u00e7\u00e3o para a popula\u00e7\u00e3o afetada.<\/p>\n<p>A solu\u00e7\u00e3o para mitigar as consequ\u00eancias do desastre na sa\u00fade p\u00fablica, de acordo com o Dr. Paulo, \u00e9 atuar na preven\u00e7\u00e3o &#8211; seja ela prim\u00e1ria, com a dissemina\u00e7\u00e3o de informa\u00e7\u00f5es relevantes, secund\u00e1ria, quando os trabalhadores voltarem aos postos de trabalho, e a terci\u00e1ria, que atua na reabilita\u00e7\u00e3o dos pacientes cr\u00f4nicos.<\/p>\n<p>Desastre<\/p>\n<p>O Rio Grande do Sul enfrenta possivelmente a pior trag\u00e9dia da hist\u00f3ria do estado. De acordo com o \u00faltimo relat\u00f3rio da Defesa Civil, j\u00e1 s\u00e3o 450 munic\u00edpios afetados diretamente pelas inunda\u00e7\u00f5es, 147 mortes e cerca de 615 mil pessoas encontram-se fora de suas casas &#8211; sendo 77 mil em abrigos e 538 mil desalojados.<\/p>\n<p>Para ajudar as v\u00edtimas das enchentes do Rio Grande do Sul, doe qualquer quantia para o fundo solid\u00e1rio das Entidades M\u00e9dicas Ga\u00fachas.<\/p>\n<p>A transmiss\u00e3o pode ser vista abaixo:<\/p>\n<div class=\"video-shortcode\"><iframe title=\"Cat\u00e1strofe RS: Bate-Papo de Preven\u00e7\u00e3o e Doen\u00e7as Infectocontagiosas\" width=\"1500\" height=\"844\" src=\"https:\/\/www.youtube.com\/embed\/TsSZBlDXUYI?feature=oembed\" frameborder=\"0\" allow=\"accelerometer; autoplay; clipboard-write; encrypted-media; gyroscope; picture-in-picture; web-share\" referrerpolicy=\"strict-origin-when-cross-origin\" allowfullscreen><\/iframe><\/div>\n<p>&nbsp;<\/p>\n","protected":false},"excerpt":{"rendered":"<p>Nesta ter\u00e7a-feira (14), a ANAMT realizou uma reuni\u00e3o cient\u00edfica sobre o tema Cat\u00e1strofe no Rio Grande do Sul: bate-papo de preven\u00e7\u00e3o e doen\u00e7as infectocontagiosas. Em parceria com a Sociedade Ga\u00facha de Medicina do Trabalho (SOGAMT), o evento teve o intuito de disseminar orienta\u00e7\u00f5es de cuidados em sa\u00fade, al\u00e9m de discutir a respeito do papel da [&hellip;]<\/p>\n","protected":false},"author":5,"featured_media":49960,"comment_status":"closed","ping_status":"closed","sticky":false,"template":"","format":"standard","meta":{"footnotes":""},"categories":[77,8],"tags":[],"_links":{"self":[{"href":"https:\/\/www.anamt.org.br\/portal\/wp-json\/wp\/v2\/posts\/49982"}],"collection":[{"href":"https:\/\/www.anamt.org.br\/portal\/wp-json\/wp\/v2\/posts"}],"about":[{"href":"https:\/\/www.anamt.org.br\/portal\/wp-json\/wp\/v2\/types\/post"}],"author":[{"embeddable":true,"href":"https:\/\/www.anamt.org.br\/portal\/wp-json\/wp\/v2\/users\/5"}],"replies":[{"embeddable":true,"href":"https:\/\/www.anamt.org.br\/portal\/wp-json\/wp\/v2\/comments?post=49982"}],"version-history":[{"count":1,"href":"https:\/\/www.anamt.org.br\/portal\/wp-json\/wp\/v2\/posts\/49982\/revisions"}],"predecessor-version":[{"id":49983,"href":"https:\/\/www.anamt.org.br\/portal\/wp-json\/wp\/v2\/posts\/49982\/revisions\/49983"}],"wp:featuredmedia":[{"embeddable":true,"href":"https:\/\/www.anamt.org.br\/portal\/wp-json\/wp\/v2\/media\/49960"}],"wp:attachment":[{"href":"https:\/\/www.anamt.org.br\/portal\/wp-json\/wp\/v2\/media?parent=49982"}],"wp:term":[{"taxonomy":"category","embeddable":true,"href":"https:\/\/www.anamt.org.br\/portal\/wp-json\/wp\/v2\/categories?post=49982"},{"taxonomy":"post_tag","embeddable":true,"href":"https:\/\/www.anamt.org.br\/portal\/wp-json\/wp\/v2\/tags?post=49982"}],"curies":[{"name":"wp","href":"https:\/\/api.w.org\/{rel}","templated":true}]}}