{"id":49975,"date":"2024-05-14T15:03:39","date_gmt":"2024-05-14T18:03:39","guid":{"rendered":"https:\/\/www.anamt.org.br\/portal\/?p=49975"},"modified":"2024-05-14T15:07:20","modified_gmt":"2024-05-14T18:07:20","slug":"presidente-da-sogamt-destaca-a-importancia-dos-medicos-do-trabalho-no-tratamento-das-doencas-advindas-das-enchentes-no-rs","status":"publish","type":"post","link":"https:\/\/www.anamt.org.br\/portal\/2024\/05\/14\/presidente-da-sogamt-destaca-a-importancia-dos-medicos-do-trabalho-no-tratamento-das-doencas-advindas-das-enchentes-no-rs\/","title":{"rendered":"Presidente da SOGAMT destaca a import\u00e2ncia dos m\u00e9dicos do trabalho na preven\u00e7\u00e3o das doen\u00e7as no RS"},"content":{"rendered":"<p>Orientar e disseminar informa\u00e7\u00f5es e conhecimento sobre preven\u00e7\u00e3o de doen\u00e7as infectocontagiosas e de sa\u00fade mental e, ao mesmo tempo, preparar os m\u00e9dicos do trabalho para o enfrentamento das doen\u00e7as advindas das enchentes s\u00e3o alguns dos objetivos da realiza\u00e7\u00e3o da <strong><a href=\"https:\/\/www.anamt.org.br\/portal\/2024\/05\/13\/enchentes-no-rs-anamt-e-sogamt-realizam-reuniao-cientifica-sobre-doencas-infectocontagiosas\/\" target=\"_blank\" rel=\"noopener\">reuni\u00e3o cient\u00edfica sobre o tema \u2018Cat\u00e1strofe no Rio Grande do Sul\u2019<\/a><\/strong>, organizada em parceria entre a ANAMT e a SOGAMT, a ser realizada nesta ter\u00e7a-feira, 14 de maio, \u00e0s 19h, com transmiss\u00e3o online ANAMT Virtual e pelo canal da Associa\u00e7\u00e3o no Youtube, aberta a todos os interessados.<\/p>\n<p>O Rio Grande do Sul (RS) enfrenta uma cat\u00e1strofe sem precedentes. As demandas de sa\u00fade, emocionais, sociais e econ\u00f4micas s\u00e3o e ser\u00e3o um desafio a longo prazo, afirmou Dra. Indira Valente Reyes, presidente da Sociedade Ga\u00facha de Medicina do Trabalho (SOGAMT).<\/p>\n<p>\u201cO papel do m\u00e9dico do trabalho \u00e9 estrat\u00e9gico na preven\u00e7\u00e3o prim\u00e1ria ao surgimento dessas doen\u00e7as, no sentido de disseminar orienta\u00e7\u00f5es de cuidados de sa\u00fade e ser mais um agente para profilaxia dos casos de risco de adoecimento e, em seguida, na preven\u00e7\u00e3o secund\u00e1ria e terci\u00e1ria quando as pessoas afetadas tiverem retornado para seus ambientes de trabalho e precisam estar alertas ao diagn\u00f3stico tratamento precoces dessas doen\u00e7as e reabilitar os cr\u00f4nicos\u201d, destacou Dra. Indira.<\/p>\n<p>&#8220;Em parceria com a ANAMT, buscamos unir esfor\u00e7os no sentido de preparar os m\u00e9dicos do trabalho no enfrentamento das doen\u00e7as infectocontagiosas por exposi\u00e7\u00e3o \u00e0 \u00e1gua e \u00e0 lama da enchente. \u00c9 importante levar atualiza\u00e7\u00e3o desse assunto que tem sido o principal desafio dos profissionais de sa\u00fade do RS\u201d, ressaltou a presidente da SOGAMT.<\/p>\n<p>Segundo explicou Dra. Indira, as principais doen\u00e7as infectocontagiosas que podem surgir com as cheias s\u00e3o provenientes de contato com \u00e1gua e lama, dentre elas a leptospirose, hepatite A, t\u00e9tano e doen\u00e7as gastrointestinais. \u201cAl\u00e9m disso, outras doen\u00e7as em virtude da aglomera\u00e7\u00e3o das pessoas em abrigo, temos o risco do crescente aumento do n\u00famero de casos de doen\u00e7as respirat\u00f3rias, como influenza\u201d, acrescentou a m\u00e9dica.<\/p>\n<p>Por fim, ela enfatizou que a miss\u00e3o do povo ga\u00facho \u00e9 mostrar valor e const\u00e2ncia, como volunt\u00e1rio em diversas frentes, al\u00e9m de buscar tamb\u00e9m o autocuidado para estar bem e assim continuar servindo. \u201cA popula\u00e7\u00e3o ga\u00facha agradece de cora\u00e7\u00e3o os outros estados do Brasil e o mundo por estarem juntos nesse enfrentamento\u201d, assinalou a m\u00e9dica.<\/p>\n","protected":false},"excerpt":{"rendered":"<p>Orientar e disseminar informa\u00e7\u00f5es e conhecimento sobre preven\u00e7\u00e3o de doen\u00e7as infectocontagiosas e de sa\u00fade mental e, ao mesmo tempo, preparar os m\u00e9dicos do trabalho para o enfrentamento das doen\u00e7as advindas das enchentes s\u00e3o alguns dos objetivos da realiza\u00e7\u00e3o da reuni\u00e3o cient\u00edfica sobre o tema \u2018Cat\u00e1strofe no Rio Grande do Sul\u2019, organizada em parceria entre a [&hellip;]<\/p>\n","protected":false},"author":5,"featured_media":49976,"comment_status":"closed","ping_status":"closed","sticky":false,"template":"","format":"standard","meta":{"footnotes":""},"categories":[77,8],"tags":[],"_links":{"self":[{"href":"https:\/\/www.anamt.org.br\/portal\/wp-json\/wp\/v2\/posts\/49975"}],"collection":[{"href":"https:\/\/www.anamt.org.br\/portal\/wp-json\/wp\/v2\/posts"}],"about":[{"href":"https:\/\/www.anamt.org.br\/portal\/wp-json\/wp\/v2\/types\/post"}],"author":[{"embeddable":true,"href":"https:\/\/www.anamt.org.br\/portal\/wp-json\/wp\/v2\/users\/5"}],"replies":[{"embeddable":true,"href":"https:\/\/www.anamt.org.br\/portal\/wp-json\/wp\/v2\/comments?post=49975"}],"version-history":[{"count":2,"href":"https:\/\/www.anamt.org.br\/portal\/wp-json\/wp\/v2\/posts\/49975\/revisions"}],"predecessor-version":[{"id":49980,"href":"https:\/\/www.anamt.org.br\/portal\/wp-json\/wp\/v2\/posts\/49975\/revisions\/49980"}],"wp:featuredmedia":[{"embeddable":true,"href":"https:\/\/www.anamt.org.br\/portal\/wp-json\/wp\/v2\/media\/49976"}],"wp:attachment":[{"href":"https:\/\/www.anamt.org.br\/portal\/wp-json\/wp\/v2\/media?parent=49975"}],"wp:term":[{"taxonomy":"category","embeddable":true,"href":"https:\/\/www.anamt.org.br\/portal\/wp-json\/wp\/v2\/categories?post=49975"},{"taxonomy":"post_tag","embeddable":true,"href":"https:\/\/www.anamt.org.br\/portal\/wp-json\/wp\/v2\/tags?post=49975"}],"curies":[{"name":"wp","href":"https:\/\/api.w.org\/{rel}","templated":true}]}}