{"id":49924,"date":"2024-05-14T17:20:47","date_gmt":"2024-05-14T20:20:47","guid":{"rendered":"https:\/\/www.anamt.org.br\/portal\/?p=49924"},"modified":"2024-05-16T12:45:43","modified_gmt":"2024-05-16T15:45:43","slug":"webinarios-anamt-nova-edicao-aborda-o-21o-congresso-nacional-anamt","status":"publish","type":"post","link":"https:\/\/www.anamt.org.br\/portal\/2024\/05\/14\/webinarios-anamt-nova-edicao-aborda-o-21o-congresso-nacional-anamt\/","title":{"rendered":"Nova data: webin\u00e1rio da ANAMT aborda o 21\u00ba Congresso Nacional ANAMT"},"content":{"rendered":"<p>No dia 20 de maio, a ANAMT realizar\u00e1 uma nova edi\u00e7\u00e3o do Webin\u00e1rios ANAMT, \u00e0s 20h. A transmiss\u00e3o abordar\u00e1 o 21\u00ba Congresso Nacional ANAMT, que ocorrer\u00e1 em Belo Horizonte (MG) entre os dias 30 de setembro e 2 de outubro. Participar\u00e3o o presidente da ANAMT, Dr. Francisco Fernandes, a diretora cient\u00edfica da entidade, Dra. Rosylane Rocha, Dra. Walneia Moreira, presidente da Associa\u00e7\u00e3o Mineira de Medicina do Trabalho (AMIMT) e Dra. Elizabeth Dias, m\u00e9dica do trabalho e doutora em Sa\u00fade Ocupacional.<\/p>\n<p>A transmiss\u00e3o, que ser\u00e1 aberta ao p\u00fablico em geral, abordar\u00e1 a proposta de atualiza\u00e7\u00e3o das compet\u00eancias em Medicina do Trabalho, as programa\u00e7\u00f5es cient\u00edfica, social e cultural do evento e da capital mineira, al\u00e9m da submiss\u00e3o de trabalhos cient\u00edficos e da prova de t\u00edtulo de especialista em medicina do trabalho. Para acompanhar, acesse: <a href=\"https:\/\/anamt.virtual.org.br\/\" target=\"_blank\" rel=\"noopener\">www.anamt.virtual.org.br<\/a>.<\/p>\n","protected":false},"excerpt":{"rendered":"<p>No dia 20 de maio, a ANAMT realizar\u00e1 uma nova edi\u00e7\u00e3o do Webin\u00e1rios ANAMT, \u00e0s 20h. A transmiss\u00e3o abordar\u00e1 o 21\u00ba Congresso Nacional ANAMT, que ocorrer\u00e1 em Belo Horizonte (MG) entre os dias 30 de setembro e 2 de outubro. Participar\u00e3o o presidente da ANAMT, Dr. Francisco Fernandes, a diretora cient\u00edfica da entidade, Dra. Rosylane [&hellip;]<\/p>\n","protected":false},"author":5,"featured_media":48059,"comment_status":"closed","ping_status":"closed","sticky":false,"template":"","format":"standard","meta":{"footnotes":""},"categories":[77,8],"tags":[],"_links":{"self":[{"href":"https:\/\/www.anamt.org.br\/portal\/wp-json\/wp\/v2\/posts\/49924"}],"collection":[{"href":"https:\/\/www.anamt.org.br\/portal\/wp-json\/wp\/v2\/posts"}],"about":[{"href":"https:\/\/www.anamt.org.br\/portal\/wp-json\/wp\/v2\/types\/post"}],"author":[{"embeddable":true,"href":"https:\/\/www.anamt.org.br\/portal\/wp-json\/wp\/v2\/users\/5"}],"replies":[{"embeddable":true,"href":"https:\/\/www.anamt.org.br\/portal\/wp-json\/wp\/v2\/comments?post=49924"}],"version-history":[{"count":3,"href":"https:\/\/www.anamt.org.br\/portal\/wp-json\/wp\/v2\/posts\/49924\/revisions"}],"predecessor-version":[{"id":49992,"href":"https:\/\/www.anamt.org.br\/portal\/wp-json\/wp\/v2\/posts\/49924\/revisions\/49992"}],"wp:featuredmedia":[{"embeddable":true,"href":"https:\/\/www.anamt.org.br\/portal\/wp-json\/wp\/v2\/media\/48059"}],"wp:attachment":[{"href":"https:\/\/www.anamt.org.br\/portal\/wp-json\/wp\/v2\/media?parent=49924"}],"wp:term":[{"taxonomy":"category","embeddable":true,"href":"https:\/\/www.anamt.org.br\/portal\/wp-json\/wp\/v2\/categories?post=49924"},{"taxonomy":"post_tag","embeddable":true,"href":"https:\/\/www.anamt.org.br\/portal\/wp-json\/wp\/v2\/tags?post=49924"}],"curies":[{"name":"wp","href":"https:\/\/api.w.org\/{rel}","templated":true}]}}