{"id":49908,"date":"2024-05-03T11:45:14","date_gmt":"2024-05-03T14:45:14","guid":{"rendered":"https:\/\/www.anamt.org.br\/portal\/?p=49908"},"modified":"2024-05-03T14:50:33","modified_gmt":"2024-05-03T17:50:33","slug":"diretoria-da-anamt-marca-presenca-no-34o-congresso-da-icoh","status":"publish","type":"post","link":"https:\/\/www.anamt.org.br\/portal\/2024\/05\/03\/diretoria-da-anamt-marca-presenca-no-34o-congresso-da-icoh\/","title":{"rendered":"Diretoria da ANAMT marca presen\u00e7a no 34\u00ba Congresso da ICOH"},"content":{"rendered":"<p>Um dos maiores eventos de medicina do trabalho do mundo, o 34\u00ba Congresso da International Comission on Occupational Health (ICOH 2024), realizado este ano em Marrakesh (Marrocos), encerra a programa\u00e7\u00e3o nesta sexta-feira, 3 de maio. \u201cAprimoramento das Pesquisas e Pr\u00e1ticas em Sa\u00fade do Trabalhador. Fechando Lacunas!\u201d foi o tema desta edi\u00e7\u00e3o, que reuniu especialistas e pesquisadores de diversos pa\u00edses. A programa\u00e7\u00e3o teve in\u00edcio em 28 de abril.<\/p>\n<p>O presidente da ANAMT, Dr. Francisco Cortes Fernandes, e o Diretor de Rela\u00e7\u00f5es Internacionais da entidade, Dr. Ricardo Turenko, acompanharam as atividades desde a abertura oficial da programa\u00e7\u00e3o cient\u00edfica, que \u00e9 organizada a cada tr\u00eas anos, sendo que essa \u00e9 a primeira reuni\u00e3o presencial ap\u00f3s a pandemia da Covid-19. M\u00e9dicos brasileiros tiveram destaque com participa\u00e7\u00e3o em sess\u00f5es e apresenta\u00e7\u00e3o de trabalhos, entre outras. O Congresso conta com realiza\u00e7\u00e3o de confer\u00eancias, plen\u00e1rio, semi-plen\u00e1rio, sess\u00f5es especiais e orais, f\u00f3rum de pol\u00edticas, apresenta\u00e7\u00e3o de posters, workshops e simp\u00f3sios.<\/p>\n<p>A presen\u00e7a da ANAMT \u00e9 sempre muito bem avaliada em fun\u00e7\u00e3o da antiga parceria e participa\u00e7\u00e3o em eventos e atividades da ICOH. Dr. Francisco Fernandes teve ainda oportunidade de divulgar o 21\u00b0 Congresso Nacional da ANAMT e convidar alguns palestrantes e trocar experi\u00eancias com Presidentes de associa\u00e7\u00f5es de outros pa\u00edses.<\/p>\n<p><img decoding=\"async\" class=\"aligncenter wp-image-49913 size-fusion-400\" src=\"https:\/\/www.anamt.org.br\/portal\/wp-content\/uploads\/2024\/05\/WhatsApp-Image-2024-05-03-at-12.35.43-400x711.jpeg\" alt=\"\" width=\"400\" height=\"711\" srcset=\"https:\/\/www.anamt.org.br\/portal\/wp-content\/uploads\/2024\/05\/WhatsApp-Image-2024-05-03-at-12.35.43-169x300.jpeg 169w, https:\/\/www.anamt.org.br\/portal\/wp-content\/uploads\/2024\/05\/WhatsApp-Image-2024-05-03-at-12.35.43-200x356.jpeg 200w, https:\/\/www.anamt.org.br\/portal\/wp-content\/uploads\/2024\/05\/WhatsApp-Image-2024-05-03-at-12.35.43-400x711.jpeg 400w, https:\/\/www.anamt.org.br\/portal\/wp-content\/uploads\/2024\/05\/WhatsApp-Image-2024-05-03-at-12.35.43-576x1024.jpeg 576w, https:\/\/www.anamt.org.br\/portal\/wp-content\/uploads\/2024\/05\/WhatsApp-Image-2024-05-03-at-12.35.43-600x1067.jpeg 600w, https:\/\/www.anamt.org.br\/portal\/wp-content\/uploads\/2024\/05\/WhatsApp-Image-2024-05-03-at-12.35.43-768x1365.jpeg 768w, https:\/\/www.anamt.org.br\/portal\/wp-content\/uploads\/2024\/05\/WhatsApp-Image-2024-05-03-at-12.35.43-800x1422.jpeg 800w, https:\/\/www.anamt.org.br\/portal\/wp-content\/uploads\/2024\/05\/WhatsApp-Image-2024-05-03-at-12.35.43-864x1536.jpeg 864w, https:\/\/www.anamt.org.br\/portal\/wp-content\/uploads\/2024\/05\/WhatsApp-Image-2024-05-03-at-12.35.43.jpeg 900w\" sizes=\"(max-width: 400px) 100vw, 400px\" \/><\/p>\n<p style=\"text-align: center;\"><em>O presidente da ANAMT, Dr. Francisco Cortes Fernandes, e o Diretor de Rela\u00e7\u00f5es Internacionais, Dr. Ricardo Turenko, acompanham o Congresso ICOH 2024<\/em><\/p>\n<p><img decoding=\"async\" class=\"aligncenter wp-image-49914 size-fusion-600\" src=\"https:\/\/www.anamt.org.br\/portal\/wp-content\/uploads\/2024\/05\/WhatsApp-Image-2024-05-03-at-12.36.31-1-600x450.jpeg\" alt=\"\" width=\"600\" height=\"450\" srcset=\"https:\/\/www.anamt.org.br\/portal\/wp-content\/uploads\/2024\/05\/WhatsApp-Image-2024-05-03-at-12.36.31-1-200x150.jpeg 200w, https:\/\/www.anamt.org.br\/portal\/wp-content\/uploads\/2024\/05\/WhatsApp-Image-2024-05-03-at-12.36.31-1-300x225.jpeg 300w, https:\/\/www.anamt.org.br\/portal\/wp-content\/uploads\/2024\/05\/WhatsApp-Image-2024-05-03-at-12.36.31-1-400x300.jpeg 400w, https:\/\/www.anamt.org.br\/portal\/wp-content\/uploads\/2024\/05\/WhatsApp-Image-2024-05-03-at-12.36.31-1-600x450.jpeg 600w, https:\/\/www.anamt.org.br\/portal\/wp-content\/uploads\/2024\/05\/WhatsApp-Image-2024-05-03-at-12.36.31-1-768x576.jpeg 768w, https:\/\/www.anamt.org.br\/portal\/wp-content\/uploads\/2024\/05\/WhatsApp-Image-2024-05-03-at-12.36.31-1-800x600.jpeg 800w, https:\/\/www.anamt.org.br\/portal\/wp-content\/uploads\/2024\/05\/WhatsApp-Image-2024-05-03-at-12.36.31-1-1024x768.jpeg 1024w, https:\/\/www.anamt.org.br\/portal\/wp-content\/uploads\/2024\/05\/WhatsApp-Image-2024-05-03-at-12.36.31-1-1200x900.jpeg 1200w, https:\/\/www.anamt.org.br\/portal\/wp-content\/uploads\/2024\/05\/WhatsApp-Image-2024-05-03-at-12.36.31-1.jpeg 1280w\" sizes=\"(max-width: 600px) 100vw, 600px\" \/><\/p>\n<p style=\"text-align: center;\"><em>M\u00e9dicos do trabalho sul-americanos marcam presen\u00e7a no Congresso ICOH 2024, no Marrocos<\/em><\/p>\n","protected":false},"excerpt":{"rendered":"<p>Um dos maiores eventos de medicina do trabalho do mundo, o 34\u00ba Congresso da International Comission on Occupational Health (ICOH 2024), realizado este ano em Marrakesh (Marrocos), encerra a programa\u00e7\u00e3o nesta sexta-feira, 3 de maio. \u201cAprimoramento das Pesquisas e Pr\u00e1ticas em Sa\u00fade do Trabalhador. Fechando Lacunas!\u201d foi o tema desta edi\u00e7\u00e3o, que reuniu especialistas e [&hellip;]<\/p>\n","protected":false},"author":5,"featured_media":49916,"comment_status":"closed","ping_status":"closed","sticky":false,"template":"","format":"standard","meta":{"footnotes":""},"categories":[77,8],"tags":[],"_links":{"self":[{"href":"https:\/\/www.anamt.org.br\/portal\/wp-json\/wp\/v2\/posts\/49908"}],"collection":[{"href":"https:\/\/www.anamt.org.br\/portal\/wp-json\/wp\/v2\/posts"}],"about":[{"href":"https:\/\/www.anamt.org.br\/portal\/wp-json\/wp\/v2\/types\/post"}],"author":[{"embeddable":true,"href":"https:\/\/www.anamt.org.br\/portal\/wp-json\/wp\/v2\/users\/5"}],"replies":[{"embeddable":true,"href":"https:\/\/www.anamt.org.br\/portal\/wp-json\/wp\/v2\/comments?post=49908"}],"version-history":[{"count":2,"href":"https:\/\/www.anamt.org.br\/portal\/wp-json\/wp\/v2\/posts\/49908\/revisions"}],"predecessor-version":[{"id":49915,"href":"https:\/\/www.anamt.org.br\/portal\/wp-json\/wp\/v2\/posts\/49908\/revisions\/49915"}],"wp:featuredmedia":[{"embeddable":true,"href":"https:\/\/www.anamt.org.br\/portal\/wp-json\/wp\/v2\/media\/49916"}],"wp:attachment":[{"href":"https:\/\/www.anamt.org.br\/portal\/wp-json\/wp\/v2\/media?parent=49908"}],"wp:term":[{"taxonomy":"category","embeddable":true,"href":"https:\/\/www.anamt.org.br\/portal\/wp-json\/wp\/v2\/categories?post=49908"},{"taxonomy":"post_tag","embeddable":true,"href":"https:\/\/www.anamt.org.br\/portal\/wp-json\/wp\/v2\/tags?post=49908"}],"curies":[{"name":"wp","href":"https:\/\/api.w.org\/{rel}","templated":true}]}}