{"id":49898,"date":"2024-04-29T15:13:32","date_gmt":"2024-04-29T18:13:32","guid":{"rendered":"https:\/\/www.anamt.org.br\/portal\/?p=49898"},"modified":"2024-04-29T15:13:32","modified_gmt":"2024-04-29T18:13:32","slug":"anamt-assina-acordo-de-cooperacao-tecnica-de-grupo-de-trabalho-do-programa-trabalho-seguro","status":"publish","type":"post","link":"https:\/\/www.anamt.org.br\/portal\/2024\/04\/29\/anamt-assina-acordo-de-cooperacao-tecnica-de-grupo-de-trabalho-do-programa-trabalho-seguro\/","title":{"rendered":"ANAMT assina acordo de coopera\u00e7\u00e3o t\u00e9cnica de Grupo de Trabalho do Programa Trabalho Seguro"},"content":{"rendered":"<p>A diretora cient\u00edfica da ANAMT, Dra. Rosylane Rocha, representou a Associa\u00e7\u00e3o na cerim\u00f4nia de assinatura do Acordo de Coopera\u00e7\u00e3o T\u00e9cnica do Grupo de Trabalho Interinstitucional (GETRIN) do Programa Trabalho Seguro da Justi\u00e7a do Trabalho. O evento ocorreu no dia 24 de abril, na sede do Tribunal Superior do Trabalho.<\/p>\n<p>A ANAMT \u00e9 uma das mais de 40 institui\u00e7\u00f5es signat\u00e1rias do acordo, que re\u00fane os tribunais do trabalho e entidades da sociedade civil e representantes dos trabalhadores.<\/p>\n<p><img decoding=\"async\" class=\"aligncenter wp-image-49899 size-fusion-600\" src=\"https:\/\/www.anamt.org.br\/portal\/wp-content\/uploads\/2024\/04\/WhatsApp-Image-2024-04-29-at-13.21.51-1-600x399.jpeg\" alt=\"\" width=\"600\" height=\"399\" srcset=\"https:\/\/www.anamt.org.br\/portal\/wp-content\/uploads\/2024\/04\/WhatsApp-Image-2024-04-29-at-13.21.51-1-200x133.jpeg 200w, https:\/\/www.anamt.org.br\/portal\/wp-content\/uploads\/2024\/04\/WhatsApp-Image-2024-04-29-at-13.21.51-1-300x200.jpeg 300w, https:\/\/www.anamt.org.br\/portal\/wp-content\/uploads\/2024\/04\/WhatsApp-Image-2024-04-29-at-13.21.51-1-400x266.jpeg 400w, https:\/\/www.anamt.org.br\/portal\/wp-content\/uploads\/2024\/04\/WhatsApp-Image-2024-04-29-at-13.21.51-1-600x399.jpeg 600w, https:\/\/www.anamt.org.br\/portal\/wp-content\/uploads\/2024\/04\/WhatsApp-Image-2024-04-29-at-13.21.51-1-768x511.jpeg 768w, https:\/\/www.anamt.org.br\/portal\/wp-content\/uploads\/2024\/04\/WhatsApp-Image-2024-04-29-at-13.21.51-1-800x533.jpeg 800w, https:\/\/www.anamt.org.br\/portal\/wp-content\/uploads\/2024\/04\/WhatsApp-Image-2024-04-29-at-13.21.51-1-1024x682.jpeg 1024w, https:\/\/www.anamt.org.br\/portal\/wp-content\/uploads\/2024\/04\/WhatsApp-Image-2024-04-29-at-13.21.51-1-1200x799.jpeg 1200w, https:\/\/www.anamt.org.br\/portal\/wp-content\/uploads\/2024\/04\/WhatsApp-Image-2024-04-29-at-13.21.51-1.jpeg 1280w\" sizes=\"(max-width: 600px) 100vw, 600px\" \/><\/p>\n<p><img decoding=\"async\" class=\"aligncenter wp-image-49900 size-fusion-600\" src=\"https:\/\/www.anamt.org.br\/portal\/wp-content\/uploads\/2024\/04\/WhatsApp-Image-2024-04-29-at-13.21.51-600x399.jpeg\" alt=\"\" width=\"600\" height=\"399\" srcset=\"https:\/\/www.anamt.org.br\/portal\/wp-content\/uploads\/2024\/04\/WhatsApp-Image-2024-04-29-at-13.21.51-200x133.jpeg 200w, https:\/\/www.anamt.org.br\/portal\/wp-content\/uploads\/2024\/04\/WhatsApp-Image-2024-04-29-at-13.21.51-300x200.jpeg 300w, https:\/\/www.anamt.org.br\/portal\/wp-content\/uploads\/2024\/04\/WhatsApp-Image-2024-04-29-at-13.21.51-400x266.jpeg 400w, https:\/\/www.anamt.org.br\/portal\/wp-content\/uploads\/2024\/04\/WhatsApp-Image-2024-04-29-at-13.21.51-600x399.jpeg 600w, https:\/\/www.anamt.org.br\/portal\/wp-content\/uploads\/2024\/04\/WhatsApp-Image-2024-04-29-at-13.21.51-768x511.jpeg 768w, https:\/\/www.anamt.org.br\/portal\/wp-content\/uploads\/2024\/04\/WhatsApp-Image-2024-04-29-at-13.21.51-800x533.jpeg 800w, https:\/\/www.anamt.org.br\/portal\/wp-content\/uploads\/2024\/04\/WhatsApp-Image-2024-04-29-at-13.21.51-1024x682.jpeg 1024w, https:\/\/www.anamt.org.br\/portal\/wp-content\/uploads\/2024\/04\/WhatsApp-Image-2024-04-29-at-13.21.51-1200x799.jpeg 1200w, https:\/\/www.anamt.org.br\/portal\/wp-content\/uploads\/2024\/04\/WhatsApp-Image-2024-04-29-at-13.21.51.jpeg 1280w\" sizes=\"(max-width: 600px) 100vw, 600px\" \/><\/p>\n","protected":false},"excerpt":{"rendered":"<p>A diretora cient\u00edfica da ANAMT, Dra. Rosylane Rocha, representou a Associa\u00e7\u00e3o na cerim\u00f4nia de assinatura do Acordo de Coopera\u00e7\u00e3o T\u00e9cnica do Grupo de Trabalho Interinstitucional (GETRIN) do Programa Trabalho Seguro da Justi\u00e7a do Trabalho. O evento ocorreu no dia 24 de abril, na sede do Tribunal Superior do Trabalho. A ANAMT \u00e9 uma das mais [&hellip;]<\/p>\n","protected":false},"author":5,"featured_media":49901,"comment_status":"closed","ping_status":"closed","sticky":false,"template":"","format":"standard","meta":{"footnotes":""},"categories":[77,8],"tags":[],"_links":{"self":[{"href":"https:\/\/www.anamt.org.br\/portal\/wp-json\/wp\/v2\/posts\/49898"}],"collection":[{"href":"https:\/\/www.anamt.org.br\/portal\/wp-json\/wp\/v2\/posts"}],"about":[{"href":"https:\/\/www.anamt.org.br\/portal\/wp-json\/wp\/v2\/types\/post"}],"author":[{"embeddable":true,"href":"https:\/\/www.anamt.org.br\/portal\/wp-json\/wp\/v2\/users\/5"}],"replies":[{"embeddable":true,"href":"https:\/\/www.anamt.org.br\/portal\/wp-json\/wp\/v2\/comments?post=49898"}],"version-history":[{"count":1,"href":"https:\/\/www.anamt.org.br\/portal\/wp-json\/wp\/v2\/posts\/49898\/revisions"}],"predecessor-version":[{"id":49902,"href":"https:\/\/www.anamt.org.br\/portal\/wp-json\/wp\/v2\/posts\/49898\/revisions\/49902"}],"wp:featuredmedia":[{"embeddable":true,"href":"https:\/\/www.anamt.org.br\/portal\/wp-json\/wp\/v2\/media\/49901"}],"wp:attachment":[{"href":"https:\/\/www.anamt.org.br\/portal\/wp-json\/wp\/v2\/media?parent=49898"}],"wp:term":[{"taxonomy":"category","embeddable":true,"href":"https:\/\/www.anamt.org.br\/portal\/wp-json\/wp\/v2\/categories?post=49898"},{"taxonomy":"post_tag","embeddable":true,"href":"https:\/\/www.anamt.org.br\/portal\/wp-json\/wp\/v2\/tags?post=49898"}],"curies":[{"name":"wp","href":"https:\/\/api.w.org\/{rel}","templated":true}]}}