{"id":49891,"date":"2024-04-29T08:10:43","date_gmt":"2024-04-29T11:10:43","guid":{"rendered":"https:\/\/www.anamt.org.br\/portal\/?p=49891"},"modified":"2024-04-29T08:10:43","modified_gmt":"2024-04-29T11:10:43","slug":"trabalho-noturno-anamt-participa-de-materia-da-bbc-sobre-o-tema","status":"publish","type":"post","link":"https:\/\/www.anamt.org.br\/portal\/2024\/04\/29\/trabalho-noturno-anamt-participa-de-materia-da-bbc-sobre-o-tema\/","title":{"rendered":"Trabalho noturno: ANAMT participa de mat\u00e9ria da BBC sobre o tema"},"content":{"rendered":"<p>O presidente da ANAMT, Dr. Francisco Cortes Fernandes, participou de uma mat\u00e9ria sobre os riscos do trabalho noturno para a sa\u00fade, veiculada no site da BBC News no \u00faltimo dia 24 de abril.<\/p>\n<p>Em sua participa\u00e7\u00e3o, o m\u00e9dico do trabalho defendeu que a legisla\u00e7\u00e3o trabalhistas possui regras que visam mitigar os impactos da jornada noturna na sa\u00fade do empregado e refor\u00e7ou a import\u00e2ncia de evitar jornadas de trabalho noturnas prolongadas e mais de tr\u00eas turnos noturnos consecutivos.<\/p>\n<p>Leia a mat\u00e9ria na \u00edntegra <a href=\"https:\/\/www.bbc.com\/portuguese\/articles\/c0v0wyyv9eno\" target=\"_blank\" rel=\"noopener\"><strong>aqui.<\/strong><\/a><\/p>\n","protected":false},"excerpt":{"rendered":"<p>O presidente da ANAMT, Dr. Francisco Cortes Fernandes, participou de uma mat\u00e9ria sobre os riscos do trabalho noturno para a sa\u00fade, veiculada no site da BBC News no \u00faltimo dia 24 de abril. Em sua participa\u00e7\u00e3o, o m\u00e9dico do trabalho defendeu que a legisla\u00e7\u00e3o trabalhistas possui regras que visam mitigar os impactos da jornada noturna [&hellip;]<\/p>\n","protected":false},"author":5,"featured_media":49892,"comment_status":"closed","ping_status":"closed","sticky":false,"template":"","format":"standard","meta":{"footnotes":""},"categories":[77,8],"tags":[],"_links":{"self":[{"href":"https:\/\/www.anamt.org.br\/portal\/wp-json\/wp\/v2\/posts\/49891"}],"collection":[{"href":"https:\/\/www.anamt.org.br\/portal\/wp-json\/wp\/v2\/posts"}],"about":[{"href":"https:\/\/www.anamt.org.br\/portal\/wp-json\/wp\/v2\/types\/post"}],"author":[{"embeddable":true,"href":"https:\/\/www.anamt.org.br\/portal\/wp-json\/wp\/v2\/users\/5"}],"replies":[{"embeddable":true,"href":"https:\/\/www.anamt.org.br\/portal\/wp-json\/wp\/v2\/comments?post=49891"}],"version-history":[{"count":1,"href":"https:\/\/www.anamt.org.br\/portal\/wp-json\/wp\/v2\/posts\/49891\/revisions"}],"predecessor-version":[{"id":49893,"href":"https:\/\/www.anamt.org.br\/portal\/wp-json\/wp\/v2\/posts\/49891\/revisions\/49893"}],"wp:featuredmedia":[{"embeddable":true,"href":"https:\/\/www.anamt.org.br\/portal\/wp-json\/wp\/v2\/media\/49892"}],"wp:attachment":[{"href":"https:\/\/www.anamt.org.br\/portal\/wp-json\/wp\/v2\/media?parent=49891"}],"wp:term":[{"taxonomy":"category","embeddable":true,"href":"https:\/\/www.anamt.org.br\/portal\/wp-json\/wp\/v2\/categories?post=49891"},{"taxonomy":"post_tag","embeddable":true,"href":"https:\/\/www.anamt.org.br\/portal\/wp-json\/wp\/v2\/tags?post=49891"}],"curies":[{"name":"wp","href":"https:\/\/api.w.org\/{rel}","templated":true}]}}