{"id":49886,"date":"2024-04-26T13:44:58","date_gmt":"2024-04-26T16:44:58","guid":{"rendered":"https:\/\/www.anamt.org.br\/portal\/?p=49886"},"modified":"2024-04-26T13:45:47","modified_gmt":"2024-04-26T16:45:47","slug":"legislacao-aplicada-no-brasil-paraguai-e-argentina-foi-tema-de-perguntas-e-respostas-em-seminario-realizado-pela-sociedad-paraguaya-de-medicina-del-trabajo-spmt","status":"publish","type":"post","link":"https:\/\/www.anamt.org.br\/portal\/2024\/04\/26\/legislacao-aplicada-no-brasil-paraguai-e-argentina-foi-tema-de-perguntas-e-respostas-em-seminario-realizado-pela-sociedad-paraguaya-de-medicina-del-trabajo-spmt\/","title":{"rendered":"Legisla\u00e7\u00e3o aplicada no Brasil, Paraguai e Argentina foi tema de perguntas e respostas em semin\u00e1rio realizado pela Sociedad Paraguaya de Medicina del Trabajo"},"content":{"rendered":"<p>Troca de conhecimentos sobre legisla\u00e7\u00e3o relacionada \u00e0 medicina do trabalho foi o destaque do \u2018Seminario Relacionamiento Del M\u00e9dico Del Trabajo Con Especialidades Asistenciales: Competencias e Inter Referencias\u2019, realizado pela Sociedad Paraguaya de Medicina del Trabajo (SPMT), no dia 23 de abril. O presidente da ANAMT, Dr. Francisco Fernandes, foi representado pelo Dr. Ruddy Facci, assessor e consultor do presidente.<\/p>\n<p>O encontro reuniu o presidente da Sociedad Paraguaya de Medicina del Trabajo, Raul Gonz\u00e1lez, anfitri\u00e3o do evento, e o presidente da Sociedade de Medicina del Trabajo De la Prov\u00edncia de Buenos Aires (SMTBA), Dr. Plinio Calvento.<\/p>\n<p>Ao longo de uma hora, os tr\u00eas participantes responderam cinco perguntas cada um sobre condutas espec\u00edficas das entidades frente \u00e0 legisla\u00e7\u00e3o vigente em cada pa\u00eds.<\/p>\n<p>Dr. Ruddy Facci, em nome do presidente da ANAMT, convidou os dois participantes para o 21\u00ba Congresso da ANAMT, a ser realizado em Belo Horizonte (MG), de 30 de setembro a 2 de outubro.<\/p>\n<p>Tamb\u00e9m a pedido do Dr. Francisco, o Dr. Ruddy Facci convidou os dois dirigentes, do Paraguai e da Argentina, para o Webin\u00e1rio da ANAMT. A data e o tema ainda ser\u00e3o definidos.<\/p>\n","protected":false},"excerpt":{"rendered":"<p>Troca de conhecimentos sobre legisla\u00e7\u00e3o relacionada \u00e0 medicina do trabalho foi o destaque do \u2018Seminario Relacionamiento Del M\u00e9dico Del Trabajo Con Especialidades Asistenciales: Competencias e Inter Referencias\u2019, realizado pela Sociedad Paraguaya de Medicina del Trabajo (SPMT), no dia 23 de abril. O presidente da ANAMT, Dr. Francisco Fernandes, foi representado pelo Dr. Ruddy Facci, assessor [&hellip;]<\/p>\n","protected":false},"author":5,"featured_media":49833,"comment_status":"closed","ping_status":"closed","sticky":false,"template":"","format":"standard","meta":{"footnotes":""},"categories":[77,8],"tags":[],"_links":{"self":[{"href":"https:\/\/www.anamt.org.br\/portal\/wp-json\/wp\/v2\/posts\/49886"}],"collection":[{"href":"https:\/\/www.anamt.org.br\/portal\/wp-json\/wp\/v2\/posts"}],"about":[{"href":"https:\/\/www.anamt.org.br\/portal\/wp-json\/wp\/v2\/types\/post"}],"author":[{"embeddable":true,"href":"https:\/\/www.anamt.org.br\/portal\/wp-json\/wp\/v2\/users\/5"}],"replies":[{"embeddable":true,"href":"https:\/\/www.anamt.org.br\/portal\/wp-json\/wp\/v2\/comments?post=49886"}],"version-history":[{"count":2,"href":"https:\/\/www.anamt.org.br\/portal\/wp-json\/wp\/v2\/posts\/49886\/revisions"}],"predecessor-version":[{"id":49888,"href":"https:\/\/www.anamt.org.br\/portal\/wp-json\/wp\/v2\/posts\/49886\/revisions\/49888"}],"wp:featuredmedia":[{"embeddable":true,"href":"https:\/\/www.anamt.org.br\/portal\/wp-json\/wp\/v2\/media\/49833"}],"wp:attachment":[{"href":"https:\/\/www.anamt.org.br\/portal\/wp-json\/wp\/v2\/media?parent=49886"}],"wp:term":[{"taxonomy":"category","embeddable":true,"href":"https:\/\/www.anamt.org.br\/portal\/wp-json\/wp\/v2\/categories?post=49886"},{"taxonomy":"post_tag","embeddable":true,"href":"https:\/\/www.anamt.org.br\/portal\/wp-json\/wp\/v2\/tags?post=49886"}],"curies":[{"name":"wp","href":"https:\/\/api.w.org\/{rel}","templated":true}]}}