{"id":49878,"date":"2024-04-25T10:46:54","date_gmt":"2024-04-25T13:46:54","guid":{"rendered":"https:\/\/www.anamt.org.br\/portal\/?p=49878"},"modified":"2024-04-25T13:03:03","modified_gmt":"2024-04-25T16:03:03","slug":"anamt-participa-do-v-enest","status":"publish","type":"post","link":"https:\/\/www.anamt.org.br\/portal\/2024\/04\/25\/anamt-participa-do-v-enest\/","title":{"rendered":"ANAMT participa do V ENEST"},"content":{"rendered":"<p><img decoding=\"async\" class=\"aligncenter wp-image-49882 size-fusion-600\" src=\"https:\/\/www.anamt.org.br\/portal\/wp-content\/uploads\/2024\/04\/WhatsApp-Image-2024-04-25-at-09.54.40-600x450.jpeg\" alt=\"\" width=\"600\" height=\"450\" srcset=\"https:\/\/www.anamt.org.br\/portal\/wp-content\/uploads\/2024\/04\/WhatsApp-Image-2024-04-25-at-09.54.40-200x150.jpeg 200w, https:\/\/www.anamt.org.br\/portal\/wp-content\/uploads\/2024\/04\/WhatsApp-Image-2024-04-25-at-09.54.40-300x225.jpeg 300w, https:\/\/www.anamt.org.br\/portal\/wp-content\/uploads\/2024\/04\/WhatsApp-Image-2024-04-25-at-09.54.40-400x300.jpeg 400w, https:\/\/www.anamt.org.br\/portal\/wp-content\/uploads\/2024\/04\/WhatsApp-Image-2024-04-25-at-09.54.40-600x450.jpeg 600w, https:\/\/www.anamt.org.br\/portal\/wp-content\/uploads\/2024\/04\/WhatsApp-Image-2024-04-25-at-09.54.40-768x576.jpeg 768w, https:\/\/www.anamt.org.br\/portal\/wp-content\/uploads\/2024\/04\/WhatsApp-Image-2024-04-25-at-09.54.40-800x600.jpeg 800w, https:\/\/www.anamt.org.br\/portal\/wp-content\/uploads\/2024\/04\/WhatsApp-Image-2024-04-25-at-09.54.40-1024x768.jpeg 1024w, https:\/\/www.anamt.org.br\/portal\/wp-content\/uploads\/2024\/04\/WhatsApp-Image-2024-04-25-at-09.54.40-1200x900.jpeg 1200w, https:\/\/www.anamt.org.br\/portal\/wp-content\/uploads\/2024\/04\/WhatsApp-Image-2024-04-25-at-09.54.40.jpeg 1280w\" sizes=\"(max-width: 600px) 100vw, 600px\" \/><\/p>\n<p>No dia 24 de abril, o assessor do Presidente da ANAMT com participa\u00e7\u00e3o de consultor do Presidente, Dr. Ruddy Facci, representou a Associa\u00e7\u00e3o no V Encontro Nacional dos Engenheiros de Seguran\u00e7a do Trabalho (V ENEST), que ocorre em Curitiba (PR) at\u00e9 esta sexta (26). O tema central do evento \u00e9 &#8220;Inova\u00e7\u00e3o, Sustentabilidade e Gest\u00e3o na Engenharia de Seguran\u00e7a do Trabalho: os Novos Rumos para o Futuro Profissional&#8221;.<\/p>\n","protected":false},"excerpt":{"rendered":"<p>No dia 24 de abril, o assessor do Presidente da ANAMT com participa\u00e7\u00e3o de consultor do Presidente, Dr. Ruddy Facci, representou a Associa\u00e7\u00e3o no V Encontro Nacional dos Engenheiros de Seguran\u00e7a do Trabalho (V ENEST), que ocorre em Curitiba (PR) at\u00e9 esta sexta (26). O tema central do evento \u00e9 &#8220;Inova\u00e7\u00e3o, Sustentabilidade e Gest\u00e3o na [&hellip;]<\/p>\n","protected":false},"author":5,"featured_media":49879,"comment_status":"closed","ping_status":"closed","sticky":false,"template":"","format":"standard","meta":{"footnotes":""},"categories":[77,8],"tags":[],"_links":{"self":[{"href":"https:\/\/www.anamt.org.br\/portal\/wp-json\/wp\/v2\/posts\/49878"}],"collection":[{"href":"https:\/\/www.anamt.org.br\/portal\/wp-json\/wp\/v2\/posts"}],"about":[{"href":"https:\/\/www.anamt.org.br\/portal\/wp-json\/wp\/v2\/types\/post"}],"author":[{"embeddable":true,"href":"https:\/\/www.anamt.org.br\/portal\/wp-json\/wp\/v2\/users\/5"}],"replies":[{"embeddable":true,"href":"https:\/\/www.anamt.org.br\/portal\/wp-json\/wp\/v2\/comments?post=49878"}],"version-history":[{"count":2,"href":"https:\/\/www.anamt.org.br\/portal\/wp-json\/wp\/v2\/posts\/49878\/revisions"}],"predecessor-version":[{"id":49883,"href":"https:\/\/www.anamt.org.br\/portal\/wp-json\/wp\/v2\/posts\/49878\/revisions\/49883"}],"wp:featuredmedia":[{"embeddable":true,"href":"https:\/\/www.anamt.org.br\/portal\/wp-json\/wp\/v2\/media\/49879"}],"wp:attachment":[{"href":"https:\/\/www.anamt.org.br\/portal\/wp-json\/wp\/v2\/media?parent=49878"}],"wp:term":[{"taxonomy":"category","embeddable":true,"href":"https:\/\/www.anamt.org.br\/portal\/wp-json\/wp\/v2\/categories?post=49878"},{"taxonomy":"post_tag","embeddable":true,"href":"https:\/\/www.anamt.org.br\/portal\/wp-json\/wp\/v2\/tags?post=49878"}],"curies":[{"name":"wp","href":"https:\/\/api.w.org\/{rel}","templated":true}]}}