{"id":49870,"date":"2024-04-24T09:26:57","date_gmt":"2024-04-24T12:26:57","guid":{"rendered":"https:\/\/www.anamt.org.br\/portal\/?p=49870"},"modified":"2024-05-02T11:30:11","modified_gmt":"2024-05-02T14:30:11","slug":"presidente-da-anamt-destaca-inclusao-de-trabalhadores-informais-nas-campanhas-do-abril-verde-em-audiencia-no-senado-federal","status":"publish","type":"post","link":"https:\/\/www.anamt.org.br\/portal\/2024\/04\/24\/presidente-da-anamt-destaca-inclusao-de-trabalhadores-informais-nas-campanhas-do-abril-verde-em-audiencia-no-senado-federal\/","title":{"rendered":"Presidente da ANAMT destaca inclus\u00e3o de trabalhadores informais nas campanhas do \u2018Abril Verde\u2019 em audi\u00eancia no Senado Federal"},"content":{"rendered":"<p><img decoding=\"async\" class=\"aligncenter wp-image-49827 size-fusion-600\" src=\"https:\/\/www.anamt.org.br\/portal\/wp-content\/uploads\/2024\/04\/53662678034_0ee8f62210_c-600x400.jpg\" alt=\"\" width=\"600\" height=\"400\" srcset=\"https:\/\/www.anamt.org.br\/portal\/wp-content\/uploads\/2024\/04\/53662678034_0ee8f62210_c-200x133.jpg 200w, https:\/\/www.anamt.org.br\/portal\/wp-content\/uploads\/2024\/04\/53662678034_0ee8f62210_c-300x200.jpg 300w, https:\/\/www.anamt.org.br\/portal\/wp-content\/uploads\/2024\/04\/53662678034_0ee8f62210_c-400x267.jpg 400w, https:\/\/www.anamt.org.br\/portal\/wp-content\/uploads\/2024\/04\/53662678034_0ee8f62210_c-600x400.jpg 600w, https:\/\/www.anamt.org.br\/portal\/wp-content\/uploads\/2024\/04\/53662678034_0ee8f62210_c-768x512.jpg 768w, https:\/\/www.anamt.org.br\/portal\/wp-content\/uploads\/2024\/04\/53662678034_0ee8f62210_c.jpg 799w\" sizes=\"(max-width: 600px) 100vw, 600px\" \/><\/p>\n<p>Incluir os trabalhadores informais no sistema de prote\u00e7\u00e3o \u00e0 sa\u00fade e seguran\u00e7a, reconhecer a import\u00e2ncia dos m\u00e9dicos do trabalho no sistema de SST, ouvir os trabalhadores para o desenvolvimento de a\u00e7\u00f5es efetivas, aprimorar e fiscalizar avalia\u00e7\u00e3o dos riscos e valorizar a reabilita\u00e7\u00e3o. Essas s\u00e3o algumas sugest\u00f5es ressaltadas pelo presidente da ANAMT, Dr. Francisco Cortes Fernandes, ao participar da audi\u00eancia p\u00fablica, no Senado Federal, no dia 18 de abril, para instru\u00e7\u00e3o do Projeto de Lei n\u00ba 1063\/22, que trata sobre a cria\u00e7\u00e3o da Campanha \u2018Abril Verde\u2019, em \u00e2mbito nacional, a ser celebrado no m\u00eas de abril de cada ano, dedicado \u00e0 preven\u00e7\u00e3o aos acidentes de trabalho e \u00e0s doen\u00e7as ocupacionais.<\/p>\n<p>N\u00famero de especialistas<\/p>\n<p>No in\u00edcio de sua apresenta\u00e7\u00e3o, o presidente da ANAMT salientou a relev\u00e2ncia do PL e citou n\u00fameros para evidenciar a import\u00e2ncia dos m\u00e9dicos do trabalho nesse contexto, bem como as exig\u00eancias para a forma\u00e7\u00e3o dos profissionais. Segundo informou, o pa\u00eds conta com 21 mil m\u00e9dicos do trabalho atuantes. \u201cEntenda-se como m\u00e9dicos do trabalho especialistas que realizaram n\u00e3o s\u00f3 o ensino de medicina do trabalho, em n\u00edvel de p\u00f3s-gradua\u00e7\u00e3o, mas aqueles que realizaram a prova de t\u00edtulo de especialista, feita pela Associa\u00e7\u00e3o Nacional de Medicina do Trabalho. Somos a s\u00e9tima especialidade em n\u00famero de especialistas\u201d, frisou.<\/p>\n<p>Trabalhadores formais<\/p>\n<p>Em rela\u00e7\u00e3o \u00e0 atua\u00e7\u00e3o dos m\u00e9dicos do trabalho, o Dr. Francisco Fernandes acentuou que os especialistas s\u00e3o respons\u00e1veis por zelar pela sa\u00fade do trabalhador, atrav\u00e9s de exames ocupacionais, peri\u00f3dicos e outras a\u00e7\u00f5es:<\/p>\n<p>\u201cCuidamos ou dever\u00edamos cuidar, se f\u00f4ssemos procurados por todos, de 40 milh\u00f5es de trabalhadores formais. Isso nos lembra o quanto \u00e9 importante a atividade do m\u00e9dico do trabalho, que muitas vezes \u00e9 relegado a segundo plano. N\u00e3o \u00e9 apenas assinar um papel e fazer um exame r\u00e1pido, temos um papel muito importante, fazemos parte de um ciclo, de uma equa\u00e7\u00e3o. Nosso principal cliente \u00e9 o trabalhador. Temos obriga\u00e7\u00e3o moral e \u00e9tica de entregar um trabalho consistente\u201d, afirmou o presidente da ANAMT.<\/p>\n<p>Sinergia<\/p>\n<p>Ele sublinhou tamb\u00e9m o papel relevante da sinergia com profissionais de outras \u00e1reas e entidades de sa\u00fade e seguran\u00e7a na atua\u00e7\u00e3o da medicina do trabalho. \u201cEntendemos que sozinhos n\u00e3o conseguimos fazer nada. Precisamos fazer um trabalho em conjunto. Acredito firmemente que o trabalho em conjunto \u00e9 produtivo. No separado, n\u00e3o acredito que funcione muito bem\u201d, refor\u00e7ou o m\u00e9dico.<\/p>\n<p>Para ilustrar sua convic\u00e7\u00e3o, ele explicou que no dia anterior <a href=\"https:\/\/www.anamt.org.br\/portal\/2024\/04\/18\/anamt-assina-acordo-de-cooperacao-com-abergo-e-abresst\/\" target=\"_blank\" rel=\"noopener\">assinou um acordo de coopera\u00e7\u00e3o t\u00e9cnica<\/a> com a Associa\u00e7\u00e3o Brasileira de Ergonomia, com a Associa\u00e7\u00e3o Nacional de Engenharia de Seguran\u00e7a do Trabalho e com a Associa\u00e7\u00e3o Nacional Brasileira de Empresas de Sa\u00fade e Seguran\u00e7a no Trabalho (Abresst).<\/p>\n<p>\u201cAtrav\u00e9s de informa\u00e7\u00f5es sobre riscos obtidos por meio de medi\u00e7\u00f5es em postos de trabalho, procuramos os trabalhadores para saber se est\u00e3o apresentando algum tipo de doen\u00e7a ou dist\u00farbio e a\u00ed fechamos o ciclo virtuoso do m\u00e9dico do trabalho, da seguran\u00e7a e sa\u00fade do trabalhador em geral. \u00c9 isso que precisamos. N\u00e3o precisamos de um t\u00e9cnico de seguran\u00e7a, engenheiro, auditor fiscal e m\u00e9dico abnegados. Precisamos de a\u00e7\u00f5es em cadeia, em conjunto. Lutamos por esse objetivo\u201d, assinalou o presidente da ANAMT.<\/p>\n<p>Informais<\/p>\n<p>\u201cFalei de 40 milh\u00f5es de trabalhadores formais. Mas temos que lembrar que n\u00f3s temos outro tanto, talvez mais de 40 milh\u00f5es de trabalhadores informais, embora ningu\u00e9m tenha ainda esse dado do trabalho informal. N\u00f3s do sistema de sa\u00fade e seguran\u00e7a do trabalho temos que atentar para essa popula\u00e7\u00e3o\u201d, defendeu.<\/p>\n<p>\u201cPrecisamos escutar a voz dos trabalhadores. \u00c9 preciso incluir nas propostas do PL o que os trabalhadores acham que seria importante para o sistema de seguran\u00e7a e sa\u00fade do trabalhador para que isso resulte em uma a\u00e7\u00e3o efetiva\u2019, argumentou o presidente da Associa\u00e7\u00e3o.<\/p>\n<p>Preven\u00e7\u00e3o versus riscos<\/p>\n<p>De acordo com o Dr. Francisco Fernandes, n\u00e3o h\u00e1 d\u00favidas de que a preven\u00e7\u00e3o \u00e9 a melhor solu\u00e7\u00e3o para todos os problemas de sa\u00fade. \u201cS\u00f3 conseguimos prevenir alguma coisa quando conhecemos os riscos\u201d, advoga o m\u00e9dico. \u201cTemos que melhorar e aprimorar os nossos mecanismos n\u00e3o s\u00f3 t\u00e9cnicos de avalia\u00e7\u00e3o de riscos, mas tamb\u00e9m os mecanismos de fiscaliza\u00e7\u00e3o para saber se esses riscos est\u00e3o sendo realmente avaliados de forma adequada pelas empresas&#8221;, sublinhou.<\/p>\n<p>Por fim, defendeu a inclus\u00e3o no protocolo do Abril Verde de a\u00e7\u00f5es que contemplem o acompanhamento da reabilita\u00e7\u00e3o profissional, de forma a acompanhar o acolhimento dessas pessoas nos postos de trabalho.<\/p>\n<p>O encontro reuniu, al\u00e9m do presidente da ANAMT, Aline Amoras, coordenadora-geral de Normatiza\u00e7\u00e3o e Registros do Departamento de Seguran\u00e7a e Sa\u00fade do Minist\u00e9rio do Trabalho e Emprego; Cirlene Zimmermann, coordenadora Nacional de Defesa do Meio Ambiente do Trabalho e da Promo\u00e7\u00e3o da Sa\u00fade do Trabalhador e da Trabalhadora (Codemat), do Minist\u00e9rio P\u00fablico do Trabalho (MPT); Wilson de Ara\u00fajo, presidente do Sindicato dos T\u00e9cnicos de Seguran\u00e7a do Trabalho do Distrito Federal (Sintest-DF) e F\u00e1bio Bas\u00edlio, presidente da Federa\u00e7\u00e3o Nacional dos Farmac\u00eauticos (Fenafar).<\/p>\n","protected":false},"excerpt":{"rendered":"<p>Incluir os trabalhadores informais no sistema de prote\u00e7\u00e3o \u00e0 sa\u00fade e seguran\u00e7a, reconhecer a import\u00e2ncia dos m\u00e9dicos do trabalho no sistema de SST, ouvir os trabalhadores para o desenvolvimento de a\u00e7\u00f5es efetivas, aprimorar e fiscalizar avalia\u00e7\u00e3o dos riscos e valorizar a reabilita\u00e7\u00e3o. Essas s\u00e3o algumas sugest\u00f5es ressaltadas pelo presidente da ANAMT, Dr. Francisco Cortes Fernandes, [&hellip;]<\/p>\n","protected":false},"author":5,"featured_media":49845,"comment_status":"closed","ping_status":"closed","sticky":false,"template":"","format":"standard","meta":{"footnotes":""},"categories":[267,77,8],"tags":[],"_links":{"self":[{"href":"https:\/\/www.anamt.org.br\/portal\/wp-json\/wp\/v2\/posts\/49870"}],"collection":[{"href":"https:\/\/www.anamt.org.br\/portal\/wp-json\/wp\/v2\/posts"}],"about":[{"href":"https:\/\/www.anamt.org.br\/portal\/wp-json\/wp\/v2\/types\/post"}],"author":[{"embeddable":true,"href":"https:\/\/www.anamt.org.br\/portal\/wp-json\/wp\/v2\/users\/5"}],"replies":[{"embeddable":true,"href":"https:\/\/www.anamt.org.br\/portal\/wp-json\/wp\/v2\/comments?post=49870"}],"version-history":[{"count":2,"href":"https:\/\/www.anamt.org.br\/portal\/wp-json\/wp\/v2\/posts\/49870\/revisions"}],"predecessor-version":[{"id":49874,"href":"https:\/\/www.anamt.org.br\/portal\/wp-json\/wp\/v2\/posts\/49870\/revisions\/49874"}],"wp:featuredmedia":[{"embeddable":true,"href":"https:\/\/www.anamt.org.br\/portal\/wp-json\/wp\/v2\/media\/49845"}],"wp:attachment":[{"href":"https:\/\/www.anamt.org.br\/portal\/wp-json\/wp\/v2\/media?parent=49870"}],"wp:term":[{"taxonomy":"category","embeddable":true,"href":"https:\/\/www.anamt.org.br\/portal\/wp-json\/wp\/v2\/categories?post=49870"},{"taxonomy":"post_tag","embeddable":true,"href":"https:\/\/www.anamt.org.br\/portal\/wp-json\/wp\/v2\/tags?post=49870"}],"curies":[{"name":"wp","href":"https:\/\/api.w.org\/{rel}","templated":true}]}}