{"id":49847,"date":"2024-04-24T09:27:38","date_gmt":"2024-04-24T12:27:38","guid":{"rendered":"https:\/\/www.anamt.org.br\/portal\/?p=49847"},"modified":"2024-04-24T09:28:08","modified_gmt":"2024-04-24T12:28:08","slug":"anamt-lanca-relatorio-de-gestao-2023","status":"publish","type":"post","link":"https:\/\/www.anamt.org.br\/portal\/2024\/04\/24\/anamt-lanca-relatorio-de-gestao-2023\/","title":{"rendered":"ANAMT lan\u00e7a Relat\u00f3rio de Gest\u00e3o 2023"},"content":{"rendered":"<p>O Relat\u00f3rio de Gest\u00e3o da ANAMT, referente ao ano de 2023, destaca a atua\u00e7\u00e3o da atual diretoria da Associa\u00e7\u00e3o (2023-2025), sob a presid\u00eancia do Dr. Francisco Cortes Fernandes, e tra\u00e7a um panorama da hist\u00f3ria da institui\u00e7\u00e3o, as conquistas da medicina do trabalho e dos profissionais especialistas ao longo dos 55 anos de funda\u00e7\u00e3o da ANAMT.<\/p>\n<p>A publica\u00e7\u00e3o \u00e9 dividida em quatro partes, detalhando t\u00f3picos que aprofundam o conhecimento do que \u00e9 a ANAMT hoje e a perspectiva hist\u00f3rica, e o desenvolvimento ao longo dos anos. O objetivo do trabalho foi prestar contas e ao mesmo tempo valorizar toda a trajet\u00f3ria e conquistas da Associa\u00e7\u00e3o.<\/p>\n<p>O documento ainda apresenta o panorama das realiza\u00e7\u00f5es dos \u00faltimos anos em prol da defesa da especialidade e da educa\u00e7\u00e3o continuada, fundamentais para a valoriza\u00e7\u00e3o dos profissionais da medicina do trabalho.<\/p>\n<p>H\u00e1 destaque tamb\u00e9m para a atua\u00e7\u00e3o das Federadas da Associa\u00e7\u00e3o, Filia\u00e7\u00f5es e parcerias nacionais e internacionais, o aprimoramento e a divulga\u00e7\u00e3o cient\u00edfica por meio da Revista Brasileira de Medicina do Trabalho (RBMT) e a realiza\u00e7\u00e3o anual do Congresso Nacional ANAMT e a evolu\u00e7\u00e3o da comunica\u00e7\u00e3o da Associa\u00e7\u00e3o s\u00e3o alguns dos pontos abordados.<\/p>\n<p>Acesse <a href=\"https:\/\/www.anamt.org.br\/portal\/wp-content\/uploads\/2024\/04\/Relatorio-de-Gestao-ANAMT_2024-ABR-10.pdf\" target=\"_blank\" rel=\"noopener\"><strong>aqui<\/strong><\/a> a \u00edntegra do Relat\u00f3rio de Gest\u00e3o 2023.<\/p>\n","protected":false},"excerpt":{"rendered":"<p>O Relat\u00f3rio de Gest\u00e3o da ANAMT, referente ao ano de 2023, destaca a atua\u00e7\u00e3o da atual diretoria da Associa\u00e7\u00e3o (2023-2025), sob a presid\u00eancia do Dr. Francisco Cortes Fernandes, e tra\u00e7a um panorama da hist\u00f3ria da institui\u00e7\u00e3o, as conquistas da medicina do trabalho e dos profissionais especialistas ao longo dos 55 anos de funda\u00e7\u00e3o da ANAMT. [&hellip;]<\/p>\n","protected":false},"author":5,"featured_media":49848,"comment_status":"closed","ping_status":"closed","sticky":false,"template":"","format":"standard","meta":{"footnotes":""},"categories":[77,8],"tags":[],"_links":{"self":[{"href":"https:\/\/www.anamt.org.br\/portal\/wp-json\/wp\/v2\/posts\/49847"}],"collection":[{"href":"https:\/\/www.anamt.org.br\/portal\/wp-json\/wp\/v2\/posts"}],"about":[{"href":"https:\/\/www.anamt.org.br\/portal\/wp-json\/wp\/v2\/types\/post"}],"author":[{"embeddable":true,"href":"https:\/\/www.anamt.org.br\/portal\/wp-json\/wp\/v2\/users\/5"}],"replies":[{"embeddable":true,"href":"https:\/\/www.anamt.org.br\/portal\/wp-json\/wp\/v2\/comments?post=49847"}],"version-history":[{"count":1,"href":"https:\/\/www.anamt.org.br\/portal\/wp-json\/wp\/v2\/posts\/49847\/revisions"}],"predecessor-version":[{"id":49849,"href":"https:\/\/www.anamt.org.br\/portal\/wp-json\/wp\/v2\/posts\/49847\/revisions\/49849"}],"wp:featuredmedia":[{"embeddable":true,"href":"https:\/\/www.anamt.org.br\/portal\/wp-json\/wp\/v2\/media\/49848"}],"wp:attachment":[{"href":"https:\/\/www.anamt.org.br\/portal\/wp-json\/wp\/v2\/media?parent=49847"}],"wp:term":[{"taxonomy":"category","embeddable":true,"href":"https:\/\/www.anamt.org.br\/portal\/wp-json\/wp\/v2\/categories?post=49847"},{"taxonomy":"post_tag","embeddable":true,"href":"https:\/\/www.anamt.org.br\/portal\/wp-json\/wp\/v2\/tags?post=49847"}],"curies":[{"name":"wp","href":"https:\/\/api.w.org\/{rel}","templated":true}]}}